{"id":15180,"date":"2017-08-03T09:05:16","date_gmt":"2017-08-03T12:05:16","guid":{"rendered":"http:\/\/actualidadadiario.com\/site\/?p=15180"},"modified":"2017-08-03T09:05:16","modified_gmt":"2017-08-03T12:05:16","slug":"bordet-refuerza-vinculos-con-los-intendentes-vecinalistas","status":"publish","type":"post","link":"https:\/\/www.actualidadadiario.com\/index.php\/2017\/08\/03\/bordet-refuerza-vinculos-con-los-intendentes-vecinalistas\/","title":{"rendered":"Bordet refuerza v\u00ednculos con los intendentes vecinalistas"},"content":{"rendered":"<p><em><strong>Convocado por los intendentes vecinalistas a un encuentro de trabajo, el gobernador Gustavo Bordet expuso hoy en Caseros detalles del esquema de financiamiento del cr\u00e9dito internacional al que podr\u00e1n acceder los municipios para la adquisici\u00f3n de maquinarias<\/strong><\/em><\/p>\n<p>&nbsp;<\/p>\n<p>&nbsp;<\/p>\n<p>&nbsp;<\/p>\n<p>Adem\u00e1s, el mandatario les adelant\u00f3 el temario de la reuni\u00f3n que mantendr\u00e1 con los gobernadores este jueves en la CABA. Los presidentes comunales valoraron la apertura del mandatario.<\/p>\n<p>&nbsp;<\/p>\n<p>Bordet, acompa\u00f1ado por ministros de su gabinete, el senador Pablo Canalis y el diputado Juan Jos\u00e9 Bahillo, comenz\u00f3 explicando que esta es una \u201creuni\u00f3n de trabajo\u201d para la cual convoc\u00f3 \u201ca los ministros, y responsables de \u00e1reas de gobierno\u201d. Pero tambi\u00e9n entendi\u00f3 que \u201cestas reuniones son importantes porque forjan v\u00ednculos de confianza\u201d, y plante\u00f3: \u201cQueremos continuar esta mec\u00e1nica que empezamos a desarrollar desde el inicio de gesti\u00f3n\u201d.<\/p>\n<p>&nbsp;<\/p>\n<p>En ese marco, Bordet destac\u00f3 \u201cla posibilidad de conversar sobre la disponibilidad del cr\u00e9dito para cada uno de los municipios\u201d correspondiendo al \u201c16 por ciento del total del t\u00edtulo que emitimos en febrero\u201d, y que \u201ca cada municipio le toca en la misma proporci\u00f3n que los \u00edndices de coparticipaci\u00f3n para cada ciudad\u201d.<\/p>\n<p>&nbsp;<\/p>\n<p>El mandatario detall\u00f3 que \u201clos cr\u00e9ditos est\u00e1n disponibles\u201d y que se encuentran en una cuenta bancaria en d\u00f3lares. Adem\u00e1s reiter\u00f3 que \u201cpor una cuesti\u00f3n pr\u00e1ctica\u201d se realizar\u00e1 un primer corte al 31 de agosto \u201cpara poder ir con todas las carpetas y cerrar la autorizaci\u00f3n del ministerio de Econom\u00eda de Naci\u00f3n, que es lo que se requiere para estos casos porque se garantiza coparticipaci\u00f3n\u201d, pero aclar\u00f3 que luego habr\u00e1 otros cortes.<\/p>\n<p>&nbsp;<\/p>\n<p>Por otro lado, Bordet adelant\u00f3: \u201cLa reuni\u00f3n que tenemos con los gobernadores ma\u00f1ana en la Casa de Entre R\u00edos en Buenos Aires, es para ver qu\u00e9 criterios tomamos o qu\u00e9 posici\u00f3n definimos respecto del planteo que realiz\u00f3 la provincia de Buenos Aires a la Corte Suprema de Justicia\u201d.<\/p>\n<p>&nbsp;<\/p>\n<p>\u201cLa Corte corri\u00f3 vista a cada provincia para que opine y en esta opini\u00f3n queremos tener criterios comunes para poder defender derechos que son nuestros \u2014afirm\u00f3\u2014. Nosotros no queremos que se le quite nada a la provincia de Buenos Aires pero no queremos que se nos perjudique, rest\u00e1ndonos ingresos coparticipables\u201d.<\/p>\n<p>&nbsp;<\/p>\n<p>Por \u00faltimo, Bordet expres\u00f3 un \u201cprofundo respeto por la tarea que cada uno de los intendentes desarrolla en sus municipios\u201d, y sostuvo que la oportunidad de \u201cque se puedan resolver problemas en las ciudades que les toca administrar, tambi\u00e9n representa para la provincia la posibilidad de ir mejorando la calidad de vida de los ciudadanos, que son los objetivos comunes que nos hemos propuesto\u201d.<\/p>\n<p>&nbsp;<\/p>\n<p>&nbsp;<\/p>\n<p><strong>Valoraciones<\/strong><\/p>\n<p>El intendente de Caseros, Alejandro Far\u00edas, valor\u00f3 \u201cel esfuerzo de la provincia\u201d en generar la reuni\u00f3n \u201cdonde tenemos la oportunidad, directamente, todos los intendentes de acuerdo al pedido de cada uno, de tratar las problem\u00e1ticas de cada pueblo\u201d, y subray\u00f3 \u201cla voluntad, de la disponibilidad, de la grandeza del gobernador de atendernos, de escucharnos, y lo que podamos destacar\u201d.<\/p>\n<p>&nbsp;<\/p>\n<p>&nbsp;<\/p>\n<p><strong>Impronta de trabajo<\/strong><\/p>\n<p>Tambi\u00e9n el intendente de Oro Verde, Luis Dum\u00e9, agradeci\u00f3 \u201cla predisposici\u00f3n en su persona y de todos los funcionarios del gobierno\u201d. \u201cPara nosotros tambi\u00e9n es un mecanismo que nos permite agilizar y generar una impronta de trabajo, nos permite tener actualizado e tema de los expedientes y nuevos v\u00ednculos\u201d, remarc\u00f3.<\/p>\n<p>&nbsp;<\/p>\n<p>&#8220;Esta es una metodolog\u00eda de trabajo que venimos implementando desde el inicio de la gesti\u00f3n. Esta es nuestra segunda reuni\u00f3n del a\u00f1o con el gobernador y todo el gabinete. Es una metodolog\u00eda que nos ha dado muchos resultados tanto a la provincia como a los municipios porque cada intendente trae su problem\u00e1tica, alg\u00fan expediente que tiene demorado y lo plantea directamente con todos los funcionarios&#8221;.<\/p>\n<p>&nbsp;<\/p>\n<p>En este sentido subray\u00f3: &#8220;Para nosotros es altamente positivo y el gobernador tambi\u00e9n plantea que es conveniente esta forma de trabajo, as\u00ed que estamos muy satisfechos&#8221;.<\/p>\n<p>&nbsp;<\/p>\n<p>&nbsp;<\/p>\n<p><strong>Cara a cara<\/strong><\/p>\n<p>Por su parte el intendente de General Campos, Sergio Mart\u00ednez, dijo que &#8220;lo importante de esta reuni\u00f3n es que podemos tener un cara a cara con los ministros y secretarios, de acuerdo al \u00e1rea que corresponda. Nos sirven porque venimos y le planteamos algunos temas que tenemos pendientes, ya venimos de gestiones que uno realiza en Paran\u00e1 y esta reuni\u00f3n sirve para ver en qu\u00e9 situaci\u00f3n est\u00e1n las gestiones que estamos realizando&#8221;.<\/p>\n<p>&nbsp;<\/p>\n<p>Agreg\u00f3 que &#8220;sirven much\u00edsimo porque es un mano a mano importante. Igual, hemos recibido respuesta positiva de gobernaci\u00f3n y de todas las \u00e1reas del gobierno, venimos trabajando bien y haciendo una buena gesti\u00f3n&#8221;.<\/p>\n<p>&nbsp;<\/p>\n<p>&nbsp;<\/p>\n<p><strong>Equipo<\/strong><\/p>\n<p>En tanto, la intendenta de San Jos\u00e9, Irma Monjo, resalt\u00f3 &#8220;la posibilidad de plantearle directamente a todos los funcionarios los temas, toda la problem\u00e1tica que tenemos o saber c\u00f3mo est\u00e1n yendo algunos expedientes que tenemos iniciados en la provincia&#8221;.<\/p>\n<p>Tras detallar otras obras en la que se est\u00e1 trabajando, la intendenta consider\u00f3 que &#8220;siempre es fruct\u00edfero estar en estos lugares donde se puede trabajar en equipo&#8221;.<\/p>\n<p>&nbsp;<\/p>\n<p>&nbsp;<\/p>\n<p><strong>Confianza<\/strong><\/p>\n<p>\u201cEstos encuentros forjan v\u00ednculos y generan confianza entre los funcionarios y los intendentes vecinalistas. Es una metodolog\u00eda impulsada por el gobernador que ha dado sus buenos frutos; trabajando sin distinci\u00f3n partidaria y con el \u00fanico objetivo de acercar las respuestas que la gente necesita\u201d, se\u00f1al\u00f3 por su parte el diputado Bahillo.<\/p>\n<p>&nbsp;<\/p>\n<p>\u201cEl movimiento vecinalista tiene identidad propia y as\u00ed lo ha reconocido el gobernador desde el inicio de su gesti\u00f3n, poniendo a disposici\u00f3n a sus funcionarios y plantear una agenda abierta de trabajo en beneficio de las comunidades del interior de la provincia\u201d, puntualiz\u00f3.<\/p>\n<p>&nbsp;<\/p>\n<p>&nbsp;<\/p>\n<p><strong>Presencias<\/strong><\/p>\n<p>Acompa\u00f1aron al gobernador los ministros de Gobierno, Mauro Urribarri, de Producci\u00f3n, Carlos Scheppens, y de Turismo, Adri\u00e1n Fuertes; el secretario General de la Gobernaci\u00f3n, Edgardo Kueider; la titular de Vialidad Provincial, Alicia Ben\u00edtez; el secretario de Salud, Mario Imaz; el vocal del Consejo General de Educaci\u00f3n, Gast\u00f3n Etchepare; el director de Desarrollo Gas\u00edfero, Alfredo \u00c1balos; integrantes de la Secretar\u00eda de Ambiente; el senador Pablo Canali y el diputado Juan Jos\u00e9 Bahillo.<\/p>\n<p>&nbsp;<\/p>\n<p>Por parte de los jefes comunales, participaron los intendentes de Pueblo General Belgrano, Mauricio Davico; Valle Mar\u00eda, Arsenio Ortman; Libertador General San Mart\u00edn, Ra\u00fal Casali; Oro Verde, Jos\u00e9 Luis Dum\u00e9: Aranguren, Eduardo Tessore; Lucas Gonz\u00e1lez, Luis Hanemann; Cerrito, Ulises Tomassi; Santa Ana, Mario Toler; San Jos\u00e9, Irma Monjo; Urdinarrain, Alberto Mornacco; Los Charr\u00faas, Ariel Panozzo Z\u00e9nere, y General Campos, Sergio Mart\u00ednez.<\/p>\n","protected":false},"excerpt":{"rendered":"<p>Convocado por los intendentes vecinalistas a un encuentro de trabajo, el gobernador Gustavo Bordet expuso hoy en Caseros detalles del esquema de financiamiento del cr\u00e9dito internacional al que podr\u00e1n acceder los municipios para la adquisici\u00f3n de maquinarias &nbsp; &nbsp; &nbsp; Adem\u00e1s, el mandatario les adelant\u00f3 el temario de la reuni\u00f3n que mantendr\u00e1 con los gobernadores este jueves en la CABA. Los presidentes comunales valoraron la apertura del mandatario. &nbsp; Bordet, acompa\u00f1ado por ministros de su gabinete, el senador Pablo Canalis y el diputado Juan Jos\u00e9 Bahillo, comenz\u00f3 explicando que esta&#8230;<\/p>\n","protected":false},"author":3,"featured_media":15181,"comment_status":"closed","ping_status":"closed","sticky":false,"template":"","format":"standard","meta":[],"categories":[9,15],"tags":[],"_links":{"self":[{"href":"https:\/\/www.actualidadadiario.com\/index.php\/wp-json\/wp\/v2\/posts\/15180"}],"collection":[{"href":"https:\/\/www.actualidadadiario.com\/index.php\/wp-json\/wp\/v2\/posts"}],"about":[{"href":"https:\/\/www.actualidadadiario.com\/index.php\/wp-json\/wp\/v2\/types\/post"}],"author":[{"embeddable":true,"href":"https:\/\/www.actualidadadiario.com\/index.php\/wp-json\/wp\/v2\/users\/3"}],"replies":[{"embeddable":true,"href":"https:\/\/www.actualidadadiario.com\/index.php\/wp-json\/wp\/v2\/comments?post=15180"}],"version-history":[{"count":1,"href":"https:\/\/www.actualidadadiario.com\/index.php\/wp-json\/wp\/v2\/posts\/15180\/revisions"}],"predecessor-version":[{"id":15182,"href":"https:\/\/www.actualidadadiario.com\/index.php\/wp-json\/wp\/v2\/posts\/15180\/revisions\/15182"}],"wp:featuredmedia":[{"embeddable":true,"href":"https:\/\/www.actualidadadiario.com\/index.php\/wp-json\/wp\/v2\/media\/15181"}],"wp:attachment":[{"href":"https:\/\/www.actualidadadiario.com\/index.php\/wp-json\/wp\/v2\/media?parent=15180"}],"wp:term":[{"taxonomy":"category","embeddable":true,"href":"https:\/\/www.actualidadadiario.com\/index.php\/wp-json\/wp\/v2\/categories?post=15180"},{"taxonomy":"post_tag","embeddable":true,"href":"https:\/\/www.actualidadadiario.com\/index.php\/wp-json\/wp\/v2\/tags?post=15180"}],"curies":[{"name":"wp","href":"https:\/\/api.w.org\/{rel}","templated":true}]}}