{"id":15177,"date":"2017-08-02T09:41:51","date_gmt":"2017-08-02T12:41:51","guid":{"rendered":"http:\/\/actualidadadiario.com\/site\/?p=15177"},"modified":"2017-08-02T09:41:51","modified_gmt":"2017-08-02T12:41:51","slug":"un-libro-destaca-el-rol-silencioso-que-tuvo-francisco-en-el-acuerdo-de-paz-colombiano","status":"publish","type":"post","link":"https:\/\/www.actualidadadiario.com\/index.php\/2017\/08\/02\/un-libro-destaca-el-rol-silencioso-que-tuvo-francisco-en-el-acuerdo-de-paz-colombiano\/","title":{"rendered":"Un libro destaca el &#8220;rol silencioso&#8221; que tuvo Francisco en el acuerdo de paz colombiano"},"content":{"rendered":"<p><em><strong>El escritor N\u00e9stor Pongut\u00e1 analiz\u00f3 el detr\u00e1s de escena de la visita que el Pont\u00edfice har\u00e1 al pa\u00eds sudamericano en septiembre pr\u00f3ximo<\/strong><\/em><\/p>\n<p>&nbsp;<\/p>\n<p>&nbsp;<\/p>\n<p>&nbsp;<\/p>\n<p>El papa Francisco tuvo un &#8220;papel silencioso&#8221; en el proceso de pacificaci\u00f3n de Colombia y puso en pr\u00e1ctica &#8220;la cultura del encuentro&#8221; para la resoluci\u00f3n del conflicto armado, seg\u00fan asegura el analista colombiano N\u00e9stor Pongut\u00e1, en su nuevo libro sobre el detr\u00e1s de escena de la visita que el Pont\u00edfice har\u00e1 al pa\u00eds sudamericano en septiembre pr\u00f3ximo.<\/p>\n<p>&nbsp;<\/p>\n<p>&#8220;Lo que hay que destacar es sobre todo el papel silencioso que cumpli\u00f3 en el proceso de pacificaci\u00f3n&#8221;, asegur\u00f3 Pongut\u00e1, autor de &#8220;Un tinto con el papa Francisco&#8221;, donde relata la gestaci\u00f3n y significados de la visita que Jorge Bergoglio har\u00e1 entre el 6 y el 11 del mes pr\u00f3ximo.<\/p>\n<p>&nbsp;<\/p>\n<p>&#8220;Colombia tiene la particularidad que fue el primer pa\u00eds que \u00e9l visit\u00f3 en su vida, cuando ten\u00eda 33 a\u00f1os en 1970. Fue su primer viaje al exterior y qued\u00f3 muy bien impresionado, y de alguna manera ya qued\u00f3 en su coraz\u00f3n desde ah\u00ed&#8221;, record\u00f3 Pongut\u00e1, especializado en temas vaticanos de la cadena colombiana W Radio.<\/p>\n<p>&nbsp;<\/p>\n<p>&#8220;Luego, como est\u00e1 all\u00ed la sede del Consejo Episcopal Latinoamericano fue otras veces y siempre estaba muy pendiente de la situaci\u00f3n all\u00ed&#8221;, agreg\u00f3 Pongut\u00e1 di\u00e1logo con T\u00e9lam en Roma, en la previa del viaje del Obispo de Roma a Bogot\u00e1, Villavicencio, Medell\u00edn y Cartagena de Indias.<\/p>\n","protected":false},"excerpt":{"rendered":"<p>El escritor N\u00e9stor Pongut\u00e1 analiz\u00f3 el detr\u00e1s de escena de la visita que el Pont\u00edfice har\u00e1 al pa\u00eds sudamericano en septiembre pr\u00f3ximo &nbsp; &nbsp; &nbsp; El papa Francisco tuvo un &#8220;papel silencioso&#8221; en el proceso de pacificaci\u00f3n de Colombia y puso en pr\u00e1ctica &#8220;la cultura del encuentro&#8221; para la resoluci\u00f3n del conflicto armado, seg\u00fan asegura el analista colombiano N\u00e9stor Pongut\u00e1, en su nuevo libro sobre el detr\u00e1s de escena de la visita que el Pont\u00edfice har\u00e1 al pa\u00eds sudamericano en septiembre pr\u00f3ximo. &nbsp; &#8220;Lo que hay que destacar es sobre&#8230;<\/p>\n","protected":false},"author":3,"featured_media":15178,"comment_status":"closed","ping_status":"closed","sticky":false,"template":"","format":"standard","meta":[],"categories":[4],"tags":[],"_links":{"self":[{"href":"https:\/\/www.actualidadadiario.com\/index.php\/wp-json\/wp\/v2\/posts\/15177"}],"collection":[{"href":"https:\/\/www.actualidadadiario.com\/index.php\/wp-json\/wp\/v2\/posts"}],"about":[{"href":"https:\/\/www.actualidadadiario.com\/index.php\/wp-json\/wp\/v2\/types\/post"}],"author":[{"embeddable":true,"href":"https:\/\/www.actualidadadiario.com\/index.php\/wp-json\/wp\/v2\/users\/3"}],"replies":[{"embeddable":true,"href":"https:\/\/www.actualidadadiario.com\/index.php\/wp-json\/wp\/v2\/comments?post=15177"}],"version-history":[{"count":1,"href":"https:\/\/www.actualidadadiario.com\/index.php\/wp-json\/wp\/v2\/posts\/15177\/revisions"}],"predecessor-version":[{"id":15179,"href":"https:\/\/www.actualidadadiario.com\/index.php\/wp-json\/wp\/v2\/posts\/15177\/revisions\/15179"}],"wp:featuredmedia":[{"embeddable":true,"href":"https:\/\/www.actualidadadiario.com\/index.php\/wp-json\/wp\/v2\/media\/15178"}],"wp:attachment":[{"href":"https:\/\/www.actualidadadiario.com\/index.php\/wp-json\/wp\/v2\/media?parent=15177"}],"wp:term":[{"taxonomy":"category","embeddable":true,"href":"https:\/\/www.actualidadadiario.com\/index.php\/wp-json\/wp\/v2\/categories?post=15177"},{"taxonomy":"post_tag","embeddable":true,"href":"https:\/\/www.actualidadadiario.com\/index.php\/wp-json\/wp\/v2\/tags?post=15177"}],"curies":[{"name":"wp","href":"https:\/\/api.w.org\/{rel}","templated":true}]}}