{"id":15172,"date":"2017-08-02T09:40:26","date_gmt":"2017-08-02T12:40:26","guid":{"rendered":"http:\/\/actualidadadiario.com\/site\/?p=15172"},"modified":"2017-08-02T09:40:26","modified_gmt":"2017-08-02T12:40:26","slug":"el-congreso-de-brasil-debate-si-aparta-a-temer-por-seis-meses","status":"publish","type":"post","link":"https:\/\/www.actualidadadiario.com\/index.php\/2017\/08\/02\/el-congreso-de-brasil-debate-si-aparta-a-temer-por-seis-meses\/","title":{"rendered":"El Congreso de Brasil debate si aparta a Temer por seis meses"},"content":{"rendered":"<p><em><strong>El presidente conf\u00eda en lograr los votos necesarios para rechazar la denuncia del fiscal general<\/strong><\/em><\/p>\n<p>&nbsp;<\/p>\n<p>&nbsp;<\/p>\n<p>&nbsp;<\/p>\n<p>La mala salud de hierro del presidente de Brasil, Michel Temer, se somete este mi\u00e9rcoles a otra prueba decisiva. Y los pron\u00f3sticos son que lograr\u00e1 superarla aunque continuar\u00e1 convaleciente y con respiraci\u00f3n asistida. La C\u00e1mara de Diputados votar\u00e1 si acepta dar curso a la denuncia presentada contra Temer por el fiscal general de la Rep\u00fablica, quien acusa al presidente de corrupci\u00f3n pasiva. Un voto favorable implicar\u00eda que Temer ser\u00eda apartado del cargo por seis meses. Para ello se necesita el apoyo a la denuncia de dos tercios de la C\u00e1mara -342 de los 513 diputados- , un objetivo que parece inalcanzable para los adversarios del presidente.<\/p>\n<p>&nbsp;<\/p>\n<p>&nbsp;<\/p>\n<p>Los brasile\u00f1os asistir\u00e1n este mi\u00e9rcoles a una liturgia bien conocida, muy similar a la que hace 14 meses acab\u00f3 en la destituci\u00f3n de la anterior presidenta, la izquierdista Dilma Rousseff. El juicio del Congreso alcanza ahora al que era el vicepresidente de Rousseff, Michel Temer, quien aprovech\u00f3 el impeachment de su entonces aliada para hacerse con el poder y formar un nuevo Gobierno de centro-derecha. A diferencia de su antecesora, que fue sometida a un juicio meramente pol\u00edtico, contra Temer se cierne ahora una denuncia penal, acusado de cobrar, a trav\u00e9s de intermediarios, sobornos de uno de los mayores empresarios del pa\u00eds. Pero la Constituci\u00f3n brasile\u00f1a impide procesar a un presidente sin el aval de una mayor\u00eda cualificada de diputados de la C\u00e1mara, que, como en mayo del a\u00f1o pasado, desfilar\u00e1n uno a uno para anunciar el sentido de su voto. Aunque esta vez se pretende evitar un espect\u00e1culo como el vivido entonces, cuando los parlamentarios justificaron su posici\u00f3n con argumentos que fueron de lo rid\u00edculo (uno lleg\u00f3 a dedicar el impeachment a los agentes de seguros) a lo siniestro (el dirigente de extrema derecha Jair Bolsonaro vot\u00f3 evocando el nombre del militar que durante la dictadura tortur\u00f3 a la entonces guerrillera Rousseff).<\/p>\n<p>&nbsp;<\/p>\n<p>La crisis y la polarizaci\u00f3n pol\u00edtica que se viv\u00edan en mayo de 2016 no han hecho m\u00e1s agravarse en este tiempo. Pero a diferencia de entonces las calles no hierven de protestas. Pese a que Temer ya ha superado los \u00edndices de impopularidad de su antecesora \u2013est\u00e1 en un mis\u00e9rrimo 5%, seg\u00fan las \u00faltimas encuestas- el cansancio ciudadano y la ausencia de una alternativa clara al actual presidente han actuado de elemento desmovilizador. Los diputados han podido pulsar la opini\u00f3n de sus votantes en las dos \u00faltimas semanas, ya que las vacaciones parlamentarias de invierno les permitieron retirarse a sus respectivos feudos, lejos de la burbuja pol\u00edtica de Brasilia. Los contrarios a Temer forzaron el aplazamiento de la votaci\u00f3n para despu\u00e9s de ese receso, en la confianza de que el contacto con la calle y con la indignaci\u00f3n popular por la corrupci\u00f3n sin l\u00edmite ayudase a reflexionar a los aliados del Gobierno. Pero el presidente no ha se ha quedado quieto y todo apunta a que tiene margen suficiente para superar la prueba.<\/p>\n<p>&nbsp;<\/p>\n<p>Temer, curtido durante d\u00e9cadas en los s\u00f3tanos de la pol\u00edtica brasile\u00f1a y de su intrincado juego de intereses, ha desplegado todas sus habilidades para intentar parar el golpe. Ha atendido multimillonarias peticiones de dinero reclamadas por algunos diputados para sus respectivos territorios, pese a que tales concesiones ponen el peligro uno de los grandes objetivos proclamados por el Gobierno, el ajuste fiscal. Ha cedido a las pretensiones de uno de los lobbies m\u00e1s influyentes del Congreso, la llamada bancada ruralista, repartida entre varios partidos y que encarna los intereses de los grandes negocios agrarios. Para ganarse su voto se han hecho gestos como abrir la puerta a nuevas deforestaciones en la Amazonia o a frenar la demarcaci\u00f3n de las tierras ind\u00edgenas, codiciadas por los latifundistas y por industrias de sectores como el el\u00e9ctrico.<\/p>\n<p>&nbsp;<\/p>\n<p>Aunque en un sistema pol\u00edtico como el brasile\u00f1o, con una treintena de partidos y sin disciplina de voto, siempre puede saltar la sorpresa, Temer parece en disposici\u00f3n de salir vivo. Entre sus opositores algunos defienden que la mejor manera de desgastarlo es no registrarse ante la votaci\u00f3n de hoy para impedir que puede celebrarse por falta de qu\u00f3rum (se requiere la presencia de 342 diputados). Eso dejar\u00eda a Temer &#8220;sangrando&#8221;, seg\u00fan la expresi\u00f3n acu\u00f1ada por muchos parlamentarios, con la amenaza de la denuncia cerni\u00e9ndose sobre \u00e9l indefinidamente. Y con la posibilidad de que el fiscal general de la Rep\u00fablica, Rodrigo Janot, convertido en la n\u00e9mesis del presidente, presente una nueva denuncia, como ya ha venido insinuando. Janot \u2013vilipendiado en p\u00fablico por Temer- tiene poco tiempo, porque su mandato se acaba el pr\u00f3ximo 17 de setiembre. Pero \u00e9l mismo lo avis\u00f3 recurriendo a un proverbio oriental: &#8220;Mientras haya bamb\u00fa, habr\u00e1 flecha&#8221;.<\/p>\n","protected":false},"excerpt":{"rendered":"<p>El presidente conf\u00eda en lograr los votos necesarios para rechazar la denuncia del fiscal general &nbsp; &nbsp; &nbsp; La mala salud de hierro del presidente de Brasil, Michel Temer, se somete este mi\u00e9rcoles a otra prueba decisiva. Y los pron\u00f3sticos son que lograr\u00e1 superarla aunque continuar\u00e1 convaleciente y con respiraci\u00f3n asistida. La C\u00e1mara de Diputados votar\u00e1 si acepta dar curso a la denuncia presentada contra Temer por el fiscal general de la Rep\u00fablica, quien acusa al presidente de corrupci\u00f3n pasiva. Un voto favorable implicar\u00eda que Temer ser\u00eda apartado del cargo&#8230;<\/p>\n","protected":false},"author":3,"featured_media":14804,"comment_status":"closed","ping_status":"closed","sticky":false,"template":"","format":"standard","meta":[],"categories":[4],"tags":[],"_links":{"self":[{"href":"https:\/\/www.actualidadadiario.com\/index.php\/wp-json\/wp\/v2\/posts\/15172"}],"collection":[{"href":"https:\/\/www.actualidadadiario.com\/index.php\/wp-json\/wp\/v2\/posts"}],"about":[{"href":"https:\/\/www.actualidadadiario.com\/index.php\/wp-json\/wp\/v2\/types\/post"}],"author":[{"embeddable":true,"href":"https:\/\/www.actualidadadiario.com\/index.php\/wp-json\/wp\/v2\/users\/3"}],"replies":[{"embeddable":true,"href":"https:\/\/www.actualidadadiario.com\/index.php\/wp-json\/wp\/v2\/comments?post=15172"}],"version-history":[{"count":1,"href":"https:\/\/www.actualidadadiario.com\/index.php\/wp-json\/wp\/v2\/posts\/15172\/revisions"}],"predecessor-version":[{"id":15173,"href":"https:\/\/www.actualidadadiario.com\/index.php\/wp-json\/wp\/v2\/posts\/15172\/revisions\/15173"}],"wp:featuredmedia":[{"embeddable":true,"href":"https:\/\/www.actualidadadiario.com\/index.php\/wp-json\/wp\/v2\/media\/14804"}],"wp:attachment":[{"href":"https:\/\/www.actualidadadiario.com\/index.php\/wp-json\/wp\/v2\/media?parent=15172"}],"wp:term":[{"taxonomy":"category","embeddable":true,"href":"https:\/\/www.actualidadadiario.com\/index.php\/wp-json\/wp\/v2\/categories?post=15172"},{"taxonomy":"post_tag","embeddable":true,"href":"https:\/\/www.actualidadadiario.com\/index.php\/wp-json\/wp\/v2\/tags?post=15172"}],"curies":[{"name":"wp","href":"https:\/\/api.w.org\/{rel}","templated":true}]}}