{"id":15169,"date":"2017-08-02T09:39:34","date_gmt":"2017-08-02T12:39:34","guid":{"rendered":"http:\/\/actualidadadiario.com\/site\/?p=15169"},"modified":"2017-08-02T09:39:34","modified_gmt":"2017-08-02T12:39:34","slug":"la-humanidad-consumira-este-miercoles-todos-los-recursos-renovables-del-planeta","status":"publish","type":"post","link":"https:\/\/www.actualidadadiario.com\/index.php\/2017\/08\/02\/la-humanidad-consumira-este-miercoles-todos-los-recursos-renovables-del-planeta\/","title":{"rendered":"La humanidad consumir\u00e1 este mi\u00e9rcoles todos los recursos renovables del planeta"},"content":{"rendered":"<p><em><strong>Un informe de la ONG Global Footprint Network indica que hoy se cumplir\u00e1 el \u201cd\u00eda de la sobrecapacidad de la Tierra\u201d. A partir del jueves, viviremos \u2018a cr\u00e9dito\u2019<\/strong><\/em><\/p>\n<p>&nbsp;<\/p>\n<p>&nbsp;<\/p>\n<p>&nbsp;<\/p>\n<p>&nbsp;<\/p>\n<p>Hoy mi\u00e9rcoles 2 de agosto, la humanidad acabar\u00e1 consumiendo todos los recursos que el planeta puede renovar en un a\u00f1o, por lo que vivir\u00e1 \u2018a cr\u00e9dito\u2019 hasta el pr\u00f3ximo 31 de diciembre, consumiendo recursos del a\u00f1o pr\u00f3ximo.<\/p>\n<p>&nbsp;<\/p>\n<p>As\u00ed lo calcul\u00f3 la organizaci\u00f3n no gubernamental Global Footprint Network, calificando al mi\u00e9rcoles como el &#8220;d\u00eda de la sobrecapacidad de la Tierra&#8221; (&#8220;overshoot day&#8221;, en ingl\u00e9s).<\/p>\n<p>&nbsp;<\/p>\n<p>\u201cA partir de esa fecha, la humanidad habr\u00e1 consumido el conjunto de los recursos que el planeta puede renovar en un a\u00f1o&#8221;, dice la declaraci\u00f3n conjunta de Global Footprint y la World Wildlife Fund (WWF).<\/p>\n<p>&nbsp;<\/p>\n<p>Para sus c\u00e1lculos, Global Footprint toma en cuenta los recursos consumidos por la pesca, la ganader\u00eda, los cultivos, la construcci\u00f3n y la utilizaci\u00f3n del agua.<\/p>\n<p>&nbsp;<\/p>\n<p>Global Footprint recalcula cada a\u00f1o la fecha del &#8220;d\u00eda de la sobrecapacidad&#8221;, el que se adelanta a\u00f1o a a\u00f1o: en 2016, ese d\u00eda cay\u00f3 el 3 de agosto.<\/p>\n","protected":false},"excerpt":{"rendered":"<p>Un informe de la ONG Global Footprint Network indica que hoy se cumplir\u00e1 el \u201cd\u00eda de la sobrecapacidad de la Tierra\u201d. A partir del jueves, viviremos \u2018a cr\u00e9dito\u2019 &nbsp; &nbsp; &nbsp; &nbsp; Hoy mi\u00e9rcoles 2 de agosto, la humanidad acabar\u00e1 consumiendo todos los recursos que el planeta puede renovar en un a\u00f1o, por lo que vivir\u00e1 \u2018a cr\u00e9dito\u2019 hasta el pr\u00f3ximo 31 de diciembre, consumiendo recursos del a\u00f1o pr\u00f3ximo. &nbsp; As\u00ed lo calcul\u00f3 la organizaci\u00f3n no gubernamental Global Footprint Network, calificando al mi\u00e9rcoles como el &#8220;d\u00eda de la sobrecapacidad de&#8230;<\/p>\n","protected":false},"author":3,"featured_media":15170,"comment_status":"closed","ping_status":"closed","sticky":false,"template":"","format":"standard","meta":[],"categories":[4],"tags":[],"_links":{"self":[{"href":"https:\/\/www.actualidadadiario.com\/index.php\/wp-json\/wp\/v2\/posts\/15169"}],"collection":[{"href":"https:\/\/www.actualidadadiario.com\/index.php\/wp-json\/wp\/v2\/posts"}],"about":[{"href":"https:\/\/www.actualidadadiario.com\/index.php\/wp-json\/wp\/v2\/types\/post"}],"author":[{"embeddable":true,"href":"https:\/\/www.actualidadadiario.com\/index.php\/wp-json\/wp\/v2\/users\/3"}],"replies":[{"embeddable":true,"href":"https:\/\/www.actualidadadiario.com\/index.php\/wp-json\/wp\/v2\/comments?post=15169"}],"version-history":[{"count":1,"href":"https:\/\/www.actualidadadiario.com\/index.php\/wp-json\/wp\/v2\/posts\/15169\/revisions"}],"predecessor-version":[{"id":15171,"href":"https:\/\/www.actualidadadiario.com\/index.php\/wp-json\/wp\/v2\/posts\/15169\/revisions\/15171"}],"wp:featuredmedia":[{"embeddable":true,"href":"https:\/\/www.actualidadadiario.com\/index.php\/wp-json\/wp\/v2\/media\/15170"}],"wp:attachment":[{"href":"https:\/\/www.actualidadadiario.com\/index.php\/wp-json\/wp\/v2\/media?parent=15169"}],"wp:term":[{"taxonomy":"category","embeddable":true,"href":"https:\/\/www.actualidadadiario.com\/index.php\/wp-json\/wp\/v2\/categories?post=15169"},{"taxonomy":"post_tag","embeddable":true,"href":"https:\/\/www.actualidadadiario.com\/index.php\/wp-json\/wp\/v2\/tags?post=15169"}],"curies":[{"name":"wp","href":"https:\/\/api.w.org\/{rel}","templated":true}]}}