{"id":15160,"date":"2017-08-02T09:37:00","date_gmt":"2017-08-02T12:37:00","guid":{"rendered":"http:\/\/actualidadadiario.com\/site\/?p=15160"},"modified":"2017-08-02T09:37:00","modified_gmt":"2017-08-02T12:37:00","slug":"los-gobernadores-peronistas-se-plantan-como-polo-de-resistencia-a-cfk-2019","status":"publish","type":"post","link":"https:\/\/www.actualidadadiario.com\/index.php\/2017\/08\/02\/los-gobernadores-peronistas-se-plantan-como-polo-de-resistencia-a-cfk-2019\/","title":{"rendered":"Los gobernadores peronistas se plantan como polo de resistencia a CFK 2019"},"content":{"rendered":"<p><em><strong>Se re\u00fanen el jueves. Quieren trazar un armado de poder para negociar con el Gobierno y tambi\u00e9n para contener el temido resurgimiento de Cristina. El sue\u00f1o del bloque propio en el Congreso<\/strong><\/em><\/p>\n<p>&nbsp;<\/p>\n<p>&nbsp;<\/p>\n<p>&nbsp;<\/p>\n<p>Con el doble objetivo de mostrar un armado de poder para negociar en bloque con el gobierno de Mauricio Macri y generar un contrapeso al temido resurgimiento de Cristina Fern\u00e1ndez de Kirchner, favorita en las encuestas para las elecciones primarias, los mandatarios peronistas se reunir\u00e1n el pr\u00f3ximo jueves en lo que se avizora como un relanzamiento \u2013 esta vez, definitivo &#8211; de la liga de gobernadores.<\/p>\n<p>&nbsp;<\/p>\n<p>El encuentro est\u00e1 previsto para el mediod\u00eda, en la Casa de Entre R\u00edos en Buenos Aires. Hasta all\u00ed llegar\u00e1n el salte\u00f1o Juan Manuel Urtubey, el sanjuanino Sergio U\u00f1ac, la fueguina Rosana Bertone, la catamarque\u00f1a Luc\u00eda Corpacci, el riojano Sergio Casas, el chubutense Mario Das Neves, el cordob\u00e9s Juan Schiaretti, el tucumano Juan Manzur y el anfitri\u00f3n, el entrerriano Gustavo Bordet, con el objetivo de poner la piedra fundamental para la reconstrucci\u00f3n de la liga de gobernadores, con la que intentar\u00e1n plantarse a futuro en las negociaciones con el Gobierno nacional.<\/p>\n<p>&nbsp;<\/p>\n<p>La reuni\u00f3n fue motorizada por Schiaretti y Manzur, que por estas horas analizan un documento que podr\u00edan dar a conocer tras el almuerzo. El texto tendr\u00e1 como eje la construcci\u00f3n de una posici\u00f3n com\u00fan frente a la pol\u00edtica nacional, en particular en lo que tiene que ver con el reparto de fondos y obras, que los gobernadores observan que se concentran en provincias en las que gobierna Cambiemos.<\/p>\n<p>&nbsp;<\/p>\n<p>Adem\u00e1s, los mandatarios comenzar\u00e1n a delinear la estrategia legislativa que vislumbran para despu\u00e9s de diciembre, cuando cambie la composici\u00f3n del Congreso. El objetivo principal es coordinar el armado de un bloque de diputados que respondan directamente a sus intereses y que les otorgue capacidad de presi\u00f3n y negociaci\u00f3n con el Ejecutivo.<\/p>\n<p>&nbsp;<\/p>\n<p>Al d\u00eda de hoy, varios de los gobernadores que forman parte del grupo que se ver\u00e1 el jueves, no tienen l\u00ednea directa con los diputados de sus provincias, m\u00e1s identificados con el kirchnerismo y que llegaron al Congreso con listas armadas por Cristina. Tal es el caso de la fueguina Bertone y del sanjuanino U\u00f1ac. En diciembre, la situaci\u00f3n cambiar\u00e1 radicalmente: las listas de candidatos a diputados nacionales que se medir\u00e1n en estas elecciones fueron confeccionadas por los mandatarios provinciales que asumieron en 2015, identificados con el peronismo cl\u00e1sico y distantes del kirchnerismo.<\/p>\n<p>&nbsp;<\/p>\n<p>Esos nuevos diputados se integrar\u00edan al bloque Justicialista, que preside Oscar Romero y se form\u00f3 a principios de 2016 con un grupo de 16 legisladores que decidieron abandonar la bancada del Frente para la Victoria. A ellos tambi\u00e9n se sumar\u00edan tambi\u00e9n los diputados que responden a Schiaretti y a Das Neves, que hasta ahora forman parte del interbloque que lidera Sergio Massa.<\/p>\n<p>&nbsp;<\/p>\n<p>Para Cambiemos, el proyecto de los gobernadores es, en principio, una buena noticia, ya que achicar\u00e1 el bloque del Frente para la Victoria y reducir\u00e1 la dependencia exclusiva de Massa. \u201cVamos a tener un escenario mucho m\u00e1s parecido al del Senado. Va a ser m\u00e1s simple negociar con los gobernadores directamente\u201d, se entusiasma un miembro de la mesa chica de Cambiemos. Sin embargo, los gobernadores esperan que un bloque unificado les aumente considerablemente el precio a la hora de negociar con la Rosada y les permita imponerse de una forma m\u00e1s contundente de lo que sucedi\u00f3 hasta el momento.<\/p>\n<p>&nbsp;<\/p>\n<p>Desde diciembre de 2015, los mandatarios mantuvieron varios encuentros y lograron articular algunas estrategias comunes -como sucedi\u00f3 con la discusi\u00f3n por el Impuesto a las Ganancias, el Presupuesto y la reforma electoral-, pero eso no se tradujo en un armado potente y s\u00f3lido que el Ejecutivo percibiera como un n\u00facleo uniforme de poder.<\/p>\n<p>&nbsp;<\/p>\n<p>&nbsp;<\/p>\n<p><strong>Agrupamiento interno<\/strong><\/p>\n<p>Hacia adentro del peronismo, el desaf\u00edo ser\u00e1 otro. El resurgimiento de Cristina como l\u00edder en la provincia de Buenos Aires ya preocupa a los mandatarios que so\u00f1aban con que, a esta altura del gobierno de Macri, la ex presidenta estuviera m\u00e1s cerca de la jubilaci\u00f3n que del regreso. Cristina competir\u00e1 por una banca en el Senado nada menos que por Buenos Aires, la provincia que representa el 37 por ciento del padr\u00f3n nacional.<\/p>\n<p>&nbsp;<\/p>\n<p>Los gobernadores perciben como \u201cuna cat\u00e1strofe\u201d para sus planes futuros que la ex presidenta gane con comodidad, justo ahora que lograron volver a unificar posiciones con l\u00edderes de provincias que durante el kirchnerismo estuvieron afuera del partido, como Schiaretti y Verna. Los gobernadores valoran sobre todo el nuevo acercamiento del &#8220;Gringo&#8221;, ya que C\u00f3rdoba es la provincia m\u00e1s grande en manos del peronismo. En la lectura de los mandatarios, un triunfo contundente no solo trabar\u00eda la anhelada \u201crenovaci\u00f3n\u201d sino que, seg\u00fan ellos, desatar\u00eda una debacle econ\u00f3mica al dejar expuesta la debilidad del Gobierno.<\/p>\n<p>&nbsp;<\/p>\n<p>Es por eso que el jueves empezar\u00e1n a buscar entre sus filas los nombres de quienes estar\u00edan dispuestos a subirse a una eventual candidatura presidencial para 2019, con la que buscar\u00e1n disputarle el lugar a Cristina, a quien avizoran con intenciones de volver a la Rosada.<\/p>\n","protected":false},"excerpt":{"rendered":"<p>Se re\u00fanen el jueves. Quieren trazar un armado de poder para negociar con el Gobierno y tambi\u00e9n para contener el temido resurgimiento de Cristina. El sue\u00f1o del bloque propio en el Congreso &nbsp; &nbsp; &nbsp; Con el doble objetivo de mostrar un armado de poder para negociar en bloque con el gobierno de Mauricio Macri y generar un contrapeso al temido resurgimiento de Cristina Fern\u00e1ndez de Kirchner, favorita en las encuestas para las elecciones primarias, los mandatarios peronistas se reunir\u00e1n el pr\u00f3ximo jueves en lo que se avizora como un&#8230;<\/p>\n","protected":false},"author":3,"featured_media":15161,"comment_status":"closed","ping_status":"closed","sticky":false,"template":"","format":"standard","meta":[],"categories":[18],"tags":[],"_links":{"self":[{"href":"https:\/\/www.actualidadadiario.com\/index.php\/wp-json\/wp\/v2\/posts\/15160"}],"collection":[{"href":"https:\/\/www.actualidadadiario.com\/index.php\/wp-json\/wp\/v2\/posts"}],"about":[{"href":"https:\/\/www.actualidadadiario.com\/index.php\/wp-json\/wp\/v2\/types\/post"}],"author":[{"embeddable":true,"href":"https:\/\/www.actualidadadiario.com\/index.php\/wp-json\/wp\/v2\/users\/3"}],"replies":[{"embeddable":true,"href":"https:\/\/www.actualidadadiario.com\/index.php\/wp-json\/wp\/v2\/comments?post=15160"}],"version-history":[{"count":1,"href":"https:\/\/www.actualidadadiario.com\/index.php\/wp-json\/wp\/v2\/posts\/15160\/revisions"}],"predecessor-version":[{"id":15162,"href":"https:\/\/www.actualidadadiario.com\/index.php\/wp-json\/wp\/v2\/posts\/15160\/revisions\/15162"}],"wp:featuredmedia":[{"embeddable":true,"href":"https:\/\/www.actualidadadiario.com\/index.php\/wp-json\/wp\/v2\/media\/15161"}],"wp:attachment":[{"href":"https:\/\/www.actualidadadiario.com\/index.php\/wp-json\/wp\/v2\/media?parent=15160"}],"wp:term":[{"taxonomy":"category","embeddable":true,"href":"https:\/\/www.actualidadadiario.com\/index.php\/wp-json\/wp\/v2\/categories?post=15160"},{"taxonomy":"post_tag","embeddable":true,"href":"https:\/\/www.actualidadadiario.com\/index.php\/wp-json\/wp\/v2\/tags?post=15160"}],"curies":[{"name":"wp","href":"https:\/\/api.w.org\/{rel}","templated":true}]}}