{"id":15157,"date":"2017-08-02T09:36:09","date_gmt":"2017-08-02T12:36:09","guid":{"rendered":"http:\/\/actualidadadiario.com\/site\/?p=15157"},"modified":"2017-08-02T09:36:09","modified_gmt":"2017-08-02T12:36:09","slug":"no-queremos-que-le-vaya-mal-al-gobierno-queremos-que-el-gobierno-deje-de-hacer-mal-las-cosas","status":"publish","type":"post","link":"https:\/\/www.actualidadadiario.com\/index.php\/2017\/08\/02\/no-queremos-que-le-vaya-mal-al-gobierno-queremos-que-el-gobierno-deje-de-hacer-mal-las-cosas\/","title":{"rendered":"&#8220;No queremos que le vaya mal al Gobierno, queremos que el Gobierno deje de hacer mal las cosas&#8221;"},"content":{"rendered":"<p><em><strong>La precandidata a senadora nacional Cristina Kirchner le respondi\u00f3 al presidente Mauricio Macri, al advertir que en su espacio: &#8220;No queremos que le vaya mal al Gobierno, queremos que el Gobierno deje de hacer mal las cosas&#8221;. As\u00ed le replic\u00f3 al jefe de Estado, que hab\u00eda dicho: &#8220;Uno siente que hay algunos que quieren que les vaya mal a los argentinos para recuperar el poder\u201d<\/strong><\/em><\/p>\n<p>&nbsp;<\/p>\n<p>&nbsp;<\/p>\n<p>&nbsp;<\/p>\n<p>&nbsp;<\/p>\n<p>&#8220;El Presidente dijo que quer\u00edamos que le fuera mal para volver al poder. Est\u00e1 equivocado. No queremos que le vaya mal al Gobierno, queremos que el Gobierno deje de hacer mal las cosas, que es algo muy distinto&#8221;, sostuvo la expresidenta al encabezar un acto de campa\u00f1a en la Universidad Nacional de General Sarmiento, ubicada en Malvinas Argentinas.<\/p>\n<p>&nbsp;<\/p>\n<p>En su mensaje, Cristina Kirchner insisti\u00f3 en que &#8220;cuando a un Gobierno le va mal, no le va mal a los funcionarios, a los ministros, a los secretarios, al Presidente&#8221;, sino que &#8220;le va mal a la gente&#8221;, y remarc\u00f3: &#8220;Nosotros nunca vamos a esperar que le vaya mal a nuestros compatriotas&#8221;.<\/p>\n<p>&nbsp;<\/p>\n<p>Por el contrario, aclar\u00f3 que su aspiraci\u00f3n es que &#8220;las cosas vayan bien&#8221; por el bien de &#8220;la gente&#8221;, aunque advirti\u00f3 que para lograrlo el Gobierno debe &#8220;modificar el rumbo econ\u00f3mico&#8221;.<\/p>\n<p>&nbsp;<\/p>\n<p>&#8220;Todos podemos entender que a lo mejor estas pol\u00edticas pod\u00edan dar otro resultado, que iban a venir las inversiones porque hab\u00eda llegado alguien que no era de nuestras ideas. Cuando ya han trascurrido casi dos a\u00f1os de Gobierno, no puede haber m\u00e1s excusas. Necesitamos que las cosas vayan bien, pero no por el Gobierno sino por la gente&#8221;, enfatiz\u00f3.<\/p>\n<p>&nbsp;<\/p>\n<p>En este sentido, acot\u00f3 -en alusi\u00f3n al Gobierno- que &#8220;la arrogancia no sirve&#8221; como tampoco &#8220;echarle la culpa a los dem\u00e1s&#8221;, dado que &#8220;lo que est\u00e1 pasando es resultado de las pol\u00edticas que se han aplicado&#8221;.<\/p>\n<p>&nbsp;<\/p>\n<p>Al respecto, arranc\u00f3 risas en el p\u00fablico cuando se declar\u00f3 &#8220;bilardista&#8221; a la hora de juzgar los efectos de las pol\u00edticas gubernamentales.<\/p>\n<p>&nbsp;<\/p>\n<p>&#8220;Convoco a todos los ciudadanos y ciudadanas de nuestro pa\u00eds, a nuestros compatriotas, a que demos nuestro mensaje con el voto. A que el Gobierno advierta que debe modificar el rumbo econ\u00f3mico, porque vamos mal. En esto voy a ser absolutamente bilardista: el resultado es malo&#8221;, sentenci\u00f3.<\/p>\n<p>&nbsp;<\/p>\n<p>Y agreg\u00f3: &#8220;Necesitamos que la sociedad en su conjunto le d\u00e9 un mensaje al Gobierno que afirma que esto que est\u00e1 pasando no est\u00e1 pasando, que es mentira que haya despidos, que haya m\u00e1s gente durmiendo en la calle&#8221;.<\/p>\n<p>&nbsp;<\/p>\n<p>Durante el acto con referentes de la comunidad cient\u00edfica, la exjefa de Estado tambi\u00e9n aprovech\u00f3 para contestarle al abogado cercano al Gobierno Alejandro Fargosi, quien gener\u00f3 un fuerte revuelo al sostener que &#8220;muchos de los sin techo de Recoleta y Barrio Norte est\u00e1n pagados por punteros&#8221;.<\/p>\n<p>&nbsp;<\/p>\n<p>&#8220;Solamente alguien con mucha crueldad puede pensar que un padre o una madre puede (decidir) dormir con sus hijos cubiertos por papeles, cartones o frazadas a la intemperie&#8221;, fustig\u00f3 desde el palco del auditorio, que comparti\u00f3 con su compa\u00f1ero de f\u00f3rmula y ex canciller Jorge Taiana, el exdirector del Conicet y actual precandidato a diputado nacional Jorge Salvarezza, y un grupo de cient\u00edficos que relataron en primera persona las dificultades que atraviesa el sector.<\/p>\n<p>&nbsp;<\/p>\n<p>Haci\u00e9ndose eco de los testimonios, Cristina Kirchner carg\u00f3 contra el Gobierno por clausurar programas de desarrollo nuclear, reducir el presupuesto en materia de producci\u00f3n p\u00fablica de medicamentos, en Fabricaciones Militares y en el desarrollo satelital.<\/p>\n<p>&nbsp;<\/p>\n<p>Compartieron el escenario junto Cristina, el precandidato a senador nacional por Unidad Ciudadana Jorge Taiana y el precandidato a diputado nacional Roberto Salvarezza, mientras que entre los cient\u00edficos que hablaron en el encuentro estaban Maia Goldin, ingeniera qu\u00edmica que fue despedida de Fabricaciones Militares junto con m\u00e1s de 150 profesionales en 2016, y el ingeniero electr\u00f3nico Martin Serra, que fue despedido de ARSAT y estuvo a cargo de la elaboraci\u00f3n del Plan Satelital Geoestacionario Argentino.<\/p>\n","protected":false},"excerpt":{"rendered":"<p>La precandidata a senadora nacional Cristina Kirchner le respondi\u00f3 al presidente Mauricio Macri, al advertir que en su espacio: &#8220;No queremos que le vaya mal al Gobierno, queremos que el Gobierno deje de hacer mal las cosas&#8221;. As\u00ed le replic\u00f3 al jefe de Estado, que hab\u00eda dicho: &#8220;Uno siente que hay algunos que quieren que les vaya mal a los argentinos para recuperar el poder\u201d &nbsp; &nbsp; &nbsp; &nbsp; &#8220;El Presidente dijo que quer\u00edamos que le fuera mal para volver al poder. Est\u00e1 equivocado. No queremos que le vaya mal&#8230;<\/p>\n","protected":false},"author":3,"featured_media":15158,"comment_status":"closed","ping_status":"closed","sticky":false,"template":"","format":"standard","meta":[],"categories":[9,18],"tags":[],"_links":{"self":[{"href":"https:\/\/www.actualidadadiario.com\/index.php\/wp-json\/wp\/v2\/posts\/15157"}],"collection":[{"href":"https:\/\/www.actualidadadiario.com\/index.php\/wp-json\/wp\/v2\/posts"}],"about":[{"href":"https:\/\/www.actualidadadiario.com\/index.php\/wp-json\/wp\/v2\/types\/post"}],"author":[{"embeddable":true,"href":"https:\/\/www.actualidadadiario.com\/index.php\/wp-json\/wp\/v2\/users\/3"}],"replies":[{"embeddable":true,"href":"https:\/\/www.actualidadadiario.com\/index.php\/wp-json\/wp\/v2\/comments?post=15157"}],"version-history":[{"count":1,"href":"https:\/\/www.actualidadadiario.com\/index.php\/wp-json\/wp\/v2\/posts\/15157\/revisions"}],"predecessor-version":[{"id":15159,"href":"https:\/\/www.actualidadadiario.com\/index.php\/wp-json\/wp\/v2\/posts\/15157\/revisions\/15159"}],"wp:featuredmedia":[{"embeddable":true,"href":"https:\/\/www.actualidadadiario.com\/index.php\/wp-json\/wp\/v2\/media\/15158"}],"wp:attachment":[{"href":"https:\/\/www.actualidadadiario.com\/index.php\/wp-json\/wp\/v2\/media?parent=15157"}],"wp:term":[{"taxonomy":"category","embeddable":true,"href":"https:\/\/www.actualidadadiario.com\/index.php\/wp-json\/wp\/v2\/categories?post=15157"},{"taxonomy":"post_tag","embeddable":true,"href":"https:\/\/www.actualidadadiario.com\/index.php\/wp-json\/wp\/v2\/tags?post=15157"}],"curies":[{"name":"wp","href":"https:\/\/api.w.org\/{rel}","templated":true}]}}