{"id":15154,"date":"2017-08-02T09:35:12","date_gmt":"2017-08-02T12:35:12","guid":{"rendered":"http:\/\/actualidadadiario.com\/site\/?p=15154"},"modified":"2017-08-02T09:35:12","modified_gmt":"2017-08-02T12:35:12","slug":"macri-volvio-a-cuestionar-las-elecciones-de-medio-termino-y-las-paso-no-me-gustan-dijo","status":"publish","type":"post","link":"https:\/\/www.actualidadadiario.com\/index.php\/2017\/08\/02\/macri-volvio-a-cuestionar-las-elecciones-de-medio-termino-y-las-paso-no-me-gustan-dijo\/","title":{"rendered":"Macri volvi\u00f3 a cuestionar las elecciones de medio t\u00e9rmino y las PASO: &#8220;No me gustan&#8221;, dijo"},"content":{"rendered":"<p><em><strong>El presidente insisti\u00f3 en que &#8220;lo m\u00e1s sano&#8221; ser\u00eda votar cada cuatro a\u00f1os. En tanto, el ministro de Justicia sali\u00f3 al cruce y dijo que &#8220;la expresi\u00f3n popular es valiosa&#8221;<\/strong><\/em><\/p>\n<p>&nbsp;<\/p>\n<p>&nbsp;<\/p>\n<p>&nbsp;<\/p>\n<p>&nbsp;<\/p>\n<p>El presidente Mauricio Macri asegur\u00f3 que &#8220;lo m\u00e1s sano&#8221; para el pa\u00eds ser\u00eda que los argentinos fueran a las urnas &#8220;cada cuatro a\u00f1os para elegir todos los cargos&#8221;, pero el ministro de Justicia, Germ\u00e1n Garavano, inst\u00f3 a concurrir a las urnas en las pr\u00f3ximas elecciones primarias y consider\u00f3 que &#8220;la expresi\u00f3n popular es valiosa&#8221;.<\/p>\n<p>&nbsp;<\/p>\n<p>&#8220;No me gustan las PASO. No me gusta que se pierda el tiempo. No me gusta que se gaste plata in\u00fatilmente cuando hay tantas cosas por resolver, tantos problemas en la sociedad que necesitan una soluci\u00f3n. El tiempo es escaso y estar de campa\u00f1a tanto tiempo adicional\u2026 Ya tengo mis dudas sobre la elecci\u00f3n intermedia. Creo que lo m\u00e1s sano ser\u00eda elegir cada cuatro a\u00f1os todos los cargos, pero encima hacerlo doble vez ha sido una experiencia frustrante&#8221;, declar\u00f3 el presidente a Canal 9 de Salta.<\/p>\n<p>&nbsp;<\/p>\n<p>Macri dijo que espera &#8220;tener \u00e9xito&#8221; con la reforma electoral para que en 2019 se utilice el voto electr\u00f3nico en todo el pa\u00eds y &#8220;simplificar&#8221; el proceso electoral.<\/p>\n<p>&nbsp;<\/p>\n<p>Por su parte, Garavano consider\u00f3 que &#8220;es una responsabilidad votar por nuestros ideales, la expresi\u00f3n popular es valiosa, le sirve al Gobierno y a la oposici\u00f3n&#8221;.<\/p>\n<p>&nbsp;<\/p>\n<p>El funcionario evalu\u00f3 en declaraciones a Radio El Mundo que &#8220;el voto es clave en todo momento&#8221; y record\u00f3 que &#8220;estas primarias son obligatorias&#8221;.<\/p>\n<p>&nbsp;<\/p>\n<p>Garavano sali\u00f3 al cruce de las declaraciones del presidente y dijo que &#8220;se debe discutir con m\u00e1s tiempo&#8221; si las primarias obligatorias se mantendr\u00e1n en pr\u00f3ximas instancias electorales.<\/p>\n<p>&nbsp;<\/p>\n<p>&#8220;Es una responsabilidad votar por nuestros ideales, la expresi\u00f3n popular es valiosa, le sirve al Gobierno y a la oposici\u00f3n&#8221;, a\u00f1adi\u00f3.<\/p>\n","protected":false},"excerpt":{"rendered":"<p>El presidente insisti\u00f3 en que &#8220;lo m\u00e1s sano&#8221; ser\u00eda votar cada cuatro a\u00f1os. En tanto, el ministro de Justicia sali\u00f3 al cruce y dijo que &#8220;la expresi\u00f3n popular es valiosa&#8221; &nbsp; &nbsp; &nbsp; &nbsp; El presidente Mauricio Macri asegur\u00f3 que &#8220;lo m\u00e1s sano&#8221; para el pa\u00eds ser\u00eda que los argentinos fueran a las urnas &#8220;cada cuatro a\u00f1os para elegir todos los cargos&#8221;, pero el ministro de Justicia, Germ\u00e1n Garavano, inst\u00f3 a concurrir a las urnas en las pr\u00f3ximas elecciones primarias y consider\u00f3 que &#8220;la expresi\u00f3n popular es valiosa&#8221;. &nbsp; &#8220;No&#8230;<\/p>\n","protected":false},"author":3,"featured_media":15155,"comment_status":"closed","ping_status":"closed","sticky":false,"template":"","format":"standard","meta":[],"categories":[18],"tags":[],"_links":{"self":[{"href":"https:\/\/www.actualidadadiario.com\/index.php\/wp-json\/wp\/v2\/posts\/15154"}],"collection":[{"href":"https:\/\/www.actualidadadiario.com\/index.php\/wp-json\/wp\/v2\/posts"}],"about":[{"href":"https:\/\/www.actualidadadiario.com\/index.php\/wp-json\/wp\/v2\/types\/post"}],"author":[{"embeddable":true,"href":"https:\/\/www.actualidadadiario.com\/index.php\/wp-json\/wp\/v2\/users\/3"}],"replies":[{"embeddable":true,"href":"https:\/\/www.actualidadadiario.com\/index.php\/wp-json\/wp\/v2\/comments?post=15154"}],"version-history":[{"count":1,"href":"https:\/\/www.actualidadadiario.com\/index.php\/wp-json\/wp\/v2\/posts\/15154\/revisions"}],"predecessor-version":[{"id":15156,"href":"https:\/\/www.actualidadadiario.com\/index.php\/wp-json\/wp\/v2\/posts\/15154\/revisions\/15156"}],"wp:featuredmedia":[{"embeddable":true,"href":"https:\/\/www.actualidadadiario.com\/index.php\/wp-json\/wp\/v2\/media\/15155"}],"wp:attachment":[{"href":"https:\/\/www.actualidadadiario.com\/index.php\/wp-json\/wp\/v2\/media?parent=15154"}],"wp:term":[{"taxonomy":"category","embeddable":true,"href":"https:\/\/www.actualidadadiario.com\/index.php\/wp-json\/wp\/v2\/categories?post=15154"},{"taxonomy":"post_tag","embeddable":true,"href":"https:\/\/www.actualidadadiario.com\/index.php\/wp-json\/wp\/v2\/tags?post=15154"}],"curies":[{"name":"wp","href":"https:\/\/api.w.org\/{rel}","templated":true}]}}