{"id":15151,"date":"2017-08-02T09:34:17","date_gmt":"2017-08-02T12:34:17","guid":{"rendered":"http:\/\/actualidadadiario.com\/site\/?p=15151"},"modified":"2017-08-02T09:34:17","modified_gmt":"2017-08-02T12:34:17","slug":"seguira-siendo-presa-politica-aun-con-prision-domiciliaria","status":"publish","type":"post","link":"https:\/\/www.actualidadadiario.com\/index.php\/2017\/08\/02\/seguira-siendo-presa-politica-aun-con-prision-domiciliaria\/","title":{"rendered":"&#8220;Seguir\u00e1 siendo presa pol\u00edtica&#8221; a\u00fan con prisi\u00f3n domiciliaria"},"content":{"rendered":"<p><em><strong>As\u00ed opina el premio N\u00f3bel de la Paz Adolfo P\u00e9rez Esquivel de la situaci\u00f3n de Milagro Sala, por quien la CIDH intercedi\u00f3, recomendando que cambien su lugar de detenci\u00f3n<\/strong><\/em><\/p>\n<p>&nbsp;<\/p>\n<p>&nbsp;<\/p>\n<p>&nbsp;<\/p>\n<p>El premio N\u00f3bel de la Paz Adolfo P\u00e9rez Esquivel advirti\u00f3 este martes que aunque reciba el beneficio de la prisi\u00f3n domiciliaria, Milagro Sala seguir\u00e1 siendo una &#8220;presa pol\u00edtica&#8221; y volvi\u00f3 a reclamar su liberaci\u00f3n.<\/p>\n<p>&nbsp;<\/p>\n<p>&#8220;La prisi\u00f3n domiciliaria no resuelve el problema de fondo porque Milagro Sala est\u00e1 condenada antes de ser juzgada, es una presa pol\u00edtica&#8221;, se\u00f1al\u00f3 P\u00e9rez Esquivel.<\/p>\n<p>&nbsp;<\/p>\n<p>En declaraciones a Radio La Bici, el dirigente consider\u00f3 que en Jujuy &#8220;est\u00e1 en riesgo la continuidad de la democracia&#8221; porque, seg\u00fan evalu\u00f3, &#8220;se est\u00e1 violando el estado de derecho&#8221;.<\/p>\n<p>&nbsp;<\/p>\n<p>&#8220;Gerardo Morales se est\u00e1 vengando de Sala&#8221;, advirti\u00f3 P\u00e9rez Esquivel, al cuestionar al gobernador juje\u00f1o.<\/p>\n<p>&nbsp;<\/p>\n<p>Por otra parte, el dirigente indic\u00f3 que &#8220;este gobierno lleg\u00f3 a trav\u00e9s de elecciones libres pero est\u00e1 aplicando una pol\u00edtica de exclusi\u00f3n de dos tercios de la poblaci\u00f3n&#8221;.<\/p>\n<p>&nbsp;<\/p>\n<p>&#8220;La \u00fanica forma de que este modelo cierre es con represi\u00f3n, por eso compran armas peligros\u00edsimas&#8221;, dijo.<\/p>\n","protected":false},"excerpt":{"rendered":"<p>As\u00ed opina el premio N\u00f3bel de la Paz Adolfo P\u00e9rez Esquivel de la situaci\u00f3n de Milagro Sala, por quien la CIDH intercedi\u00f3, recomendando que cambien su lugar de detenci\u00f3n &nbsp; &nbsp; &nbsp; El premio N\u00f3bel de la Paz Adolfo P\u00e9rez Esquivel advirti\u00f3 este martes que aunque reciba el beneficio de la prisi\u00f3n domiciliaria, Milagro Sala seguir\u00e1 siendo una &#8220;presa pol\u00edtica&#8221; y volvi\u00f3 a reclamar su liberaci\u00f3n. &nbsp; &#8220;La prisi\u00f3n domiciliaria no resuelve el problema de fondo porque Milagro Sala est\u00e1 condenada antes de ser juzgada, es una presa pol\u00edtica&#8221;, se\u00f1al\u00f3&#8230;<\/p>\n","protected":false},"author":3,"featured_media":15152,"comment_status":"closed","ping_status":"closed","sticky":false,"template":"","format":"standard","meta":[],"categories":[9,18],"tags":[],"_links":{"self":[{"href":"https:\/\/www.actualidadadiario.com\/index.php\/wp-json\/wp\/v2\/posts\/15151"}],"collection":[{"href":"https:\/\/www.actualidadadiario.com\/index.php\/wp-json\/wp\/v2\/posts"}],"about":[{"href":"https:\/\/www.actualidadadiario.com\/index.php\/wp-json\/wp\/v2\/types\/post"}],"author":[{"embeddable":true,"href":"https:\/\/www.actualidadadiario.com\/index.php\/wp-json\/wp\/v2\/users\/3"}],"replies":[{"embeddable":true,"href":"https:\/\/www.actualidadadiario.com\/index.php\/wp-json\/wp\/v2\/comments?post=15151"}],"version-history":[{"count":1,"href":"https:\/\/www.actualidadadiario.com\/index.php\/wp-json\/wp\/v2\/posts\/15151\/revisions"}],"predecessor-version":[{"id":15153,"href":"https:\/\/www.actualidadadiario.com\/index.php\/wp-json\/wp\/v2\/posts\/15151\/revisions\/15153"}],"wp:featuredmedia":[{"embeddable":true,"href":"https:\/\/www.actualidadadiario.com\/index.php\/wp-json\/wp\/v2\/media\/15152"}],"wp:attachment":[{"href":"https:\/\/www.actualidadadiario.com\/index.php\/wp-json\/wp\/v2\/media?parent=15151"}],"wp:term":[{"taxonomy":"category","embeddable":true,"href":"https:\/\/www.actualidadadiario.com\/index.php\/wp-json\/wp\/v2\/categories?post=15151"},{"taxonomy":"post_tag","embeddable":true,"href":"https:\/\/www.actualidadadiario.com\/index.php\/wp-json\/wp\/v2\/tags?post=15151"}],"curies":[{"name":"wp","href":"https:\/\/api.w.org\/{rel}","templated":true}]}}