{"id":15148,"date":"2017-08-02T09:33:30","date_gmt":"2017-08-02T12:33:30","guid":{"rendered":"http:\/\/actualidadadiario.com\/site\/?p=15148"},"modified":"2017-08-02T09:33:30","modified_gmt":"2017-08-02T12:33:30","slug":"cancilleria-ratifico-que-debe-intervenir-en-el-caso-obedrecht","status":"publish","type":"post","link":"https:\/\/www.actualidadadiario.com\/index.php\/2017\/08\/02\/cancilleria-ratifico-que-debe-intervenir-en-el-caso-obedrecht\/","title":{"rendered":"Canciller\u00eda ratific\u00f3 que debe intervenir en el caso Obedrecht"},"content":{"rendered":"<p><em><strong>Seg\u00fan Faurie, su intenci\u00f3n de intervenir luego de que los procuradores de la Argentina y Brasil advirtieron que los gobiernos de ambos pa\u00edses &#8220;presentan obst\u00e1culos&#8221;<\/strong><\/em><\/p>\n<p>&nbsp;<\/p>\n<p>&nbsp;<\/p>\n<p>&nbsp;<\/p>\n<p>La Canciller\u00eda ratific\u00f3 este martes su intenci\u00f3n de intervenir en el caso Odebrecht, luego de que los procuradores de la Argentina y Brasil, Alejandra Gils Carb\u00f3 y Rodrigo Janot Monteiro de Barros, advirtieron que los gobiernos de ambos pa\u00edses &#8220;presentan obst\u00e1culos que constituyen injerencias indebidas en el desarrollo de los acuerdos que en materia de investigaci\u00f3n&#8221;.<\/p>\n<p>&nbsp;<\/p>\n<p>La cartera encabezada por Jorge Faurie se\u00f1al\u00f3 que est\u00e1 &#8220;analizando con prioridad y de manera responsable el Acuerdo en el marco de sus competencias legales y de acuerdo con lo previsto en el propio Acuerdo por ambos Procuradores Generales, lo que incluye las propuestas de modificaciones sugeridas por el Gobierno de Brasil&#8221;.<\/p>\n<p>&nbsp;<\/p>\n<p>&#8220;La Canciller\u00eda argentina ha tomado conocimiento el 10 de julio pasado a trav\u00e9s del Ministerio de Justicia de Brasil acerca del Acuerdo de Constituci\u00f3n de equipo conjunto de investigaci\u00f3n entre los Procuradores Generales de Argentina y Brasil, firmado el 16 de junio en Buenos Aires&#8221;, explic\u00f3.<\/p>\n<p>&nbsp;<\/p>\n<p>Adem\u00e1s, se\u00f1al\u00f3 que &#8220;el Acuerdo establece que ser\u00e1 aplicable una vez que hayan tomado intervenci\u00f3n las Autoridades Centrales respectivas responsables de la cooperaci\u00f3n jur\u00eddica nternacional, que en Argentina es la Canciller\u00eda mientras que en Brasil es el Ministerio de Justicia&#8221;.<\/p>\n<p>&nbsp;<\/p>\n<p>De esa manera, el Ministerio de Relaciones Exteriores ratific\u00f3 su intenci\u00f3n de intervenir en el caso.<\/p>\n","protected":false},"excerpt":{"rendered":"<p>Seg\u00fan Faurie, su intenci\u00f3n de intervenir luego de que los procuradores de la Argentina y Brasil advirtieron que los gobiernos de ambos pa\u00edses &#8220;presentan obst\u00e1culos&#8221; &nbsp; &nbsp; &nbsp; La Canciller\u00eda ratific\u00f3 este martes su intenci\u00f3n de intervenir en el caso Odebrecht, luego de que los procuradores de la Argentina y Brasil, Alejandra Gils Carb\u00f3 y Rodrigo Janot Monteiro de Barros, advirtieron que los gobiernos de ambos pa\u00edses &#8220;presentan obst\u00e1culos que constituyen injerencias indebidas en el desarrollo de los acuerdos que en materia de investigaci\u00f3n&#8221;. &nbsp; La cartera encabezada por Jorge&#8230;<\/p>\n","protected":false},"author":3,"featured_media":15149,"comment_status":"closed","ping_status":"closed","sticky":false,"template":"","format":"standard","meta":[],"categories":[18],"tags":[],"_links":{"self":[{"href":"https:\/\/www.actualidadadiario.com\/index.php\/wp-json\/wp\/v2\/posts\/15148"}],"collection":[{"href":"https:\/\/www.actualidadadiario.com\/index.php\/wp-json\/wp\/v2\/posts"}],"about":[{"href":"https:\/\/www.actualidadadiario.com\/index.php\/wp-json\/wp\/v2\/types\/post"}],"author":[{"embeddable":true,"href":"https:\/\/www.actualidadadiario.com\/index.php\/wp-json\/wp\/v2\/users\/3"}],"replies":[{"embeddable":true,"href":"https:\/\/www.actualidadadiario.com\/index.php\/wp-json\/wp\/v2\/comments?post=15148"}],"version-history":[{"count":1,"href":"https:\/\/www.actualidadadiario.com\/index.php\/wp-json\/wp\/v2\/posts\/15148\/revisions"}],"predecessor-version":[{"id":15150,"href":"https:\/\/www.actualidadadiario.com\/index.php\/wp-json\/wp\/v2\/posts\/15148\/revisions\/15150"}],"wp:featuredmedia":[{"embeddable":true,"href":"https:\/\/www.actualidadadiario.com\/index.php\/wp-json\/wp\/v2\/media\/15149"}],"wp:attachment":[{"href":"https:\/\/www.actualidadadiario.com\/index.php\/wp-json\/wp\/v2\/media?parent=15148"}],"wp:term":[{"taxonomy":"category","embeddable":true,"href":"https:\/\/www.actualidadadiario.com\/index.php\/wp-json\/wp\/v2\/categories?post=15148"},{"taxonomy":"post_tag","embeddable":true,"href":"https:\/\/www.actualidadadiario.com\/index.php\/wp-json\/wp\/v2\/tags?post=15148"}],"curies":[{"name":"wp","href":"https:\/\/api.w.org\/{rel}","templated":true}]}}