{"id":15139,"date":"2017-08-02T09:30:58","date_gmt":"2017-08-02T12:30:58","guid":{"rendered":"http:\/\/actualidadadiario.com\/site\/?p=15139"},"modified":"2017-08-02T09:30:58","modified_gmt":"2017-08-02T12:30:58","slug":"el-bcra-admitio-que-la-meta-de-inflacion-es-dificil-de-cumplir","status":"publish","type":"post","link":"https:\/\/www.actualidadadiario.com\/index.php\/2017\/08\/02\/el-bcra-admitio-que-la-meta-de-inflacion-es-dificil-de-cumplir\/","title":{"rendered":"El BCRA admiti\u00f3 que la meta de inflaci\u00f3n es &#8220;dif\u00edcil&#8221; de cumplir"},"content":{"rendered":"<p><em><strong>Lo consider\u00f3 en la provincia de C\u00f3rdoba el vicepresidente segundo del Banco Central de la Rep\u00fablica Argentina, Demian Reidel<\/strong><\/em><\/p>\n<p>&nbsp;<\/p>\n<p>&nbsp;<\/p>\n<p>&nbsp;<\/p>\n<p>El vicepresidente segundo del Banco Central, Demian Reidel, consider\u00f3 este lunes que la meta de inflaci\u00f3n no es &#8220;imposible&#8221; sino &#8220;dif\u00edcil&#8221; de cumplir, mientras sostuvo que la autoridad monetaria va a intervenir en el mercado si percibe &#8220;una din\u00e1mica rara o disruptiva&#8221;.<\/p>\n<p>&nbsp;<\/p>\n<p>&#8220;Tenemos una pol\u00edtica flexible. Hemos intervenido la semana pasada, no para determinar un tipo de cambio&#8221;, evalu\u00f3.<\/p>\n<p>&nbsp;<\/p>\n<p>Las declaraciones fueron formuladas luego de que el viernes pasado el organismo que conduce Federico Sturzenegger vendiera USD 305 millones ante el salto del d\u00f3lar, que en esa oportunidad super\u00f3 los $18 por primera vez.<\/p>\n<p>&nbsp;<\/p>\n<p>El funcionario resalt\u00f3 que el Banco Central no va a &#8220;intervenir para determinar un tipo de cambio de equilibrio&#8221;, aunque aclar\u00f3: &#8220;Si vemos algo que no nos gusta, una din\u00e1mica rara o disruptiva, vamos a intervenir&#8221;.<\/p>\n<p>&nbsp;<\/p>\n<p>Seg\u00fan su consideraci\u00f3n, el tipo de cambio &#8220;es un term\u00f3metro que sube o baja de acuerdo con las condiciones de cr\u00e9dito&#8221;.<\/p>\n<p>&nbsp;<\/p>\n<p>Al participar de un encuentro llevado a cabo en C\u00f3rdoba por la la Fundaci\u00f3n Mediterr\u00e1nea, Reidel tambi\u00e9n se refiri\u00f3 a la inflaci\u00f3n y destac\u00f3 que &#8220;baj\u00f3 15 puntos&#8221; entre diciembre de 2016 y junio \u00faltimo.<\/p>\n","protected":false},"excerpt":{"rendered":"<p>Lo consider\u00f3 en la provincia de C\u00f3rdoba el vicepresidente segundo del Banco Central de la Rep\u00fablica Argentina, Demian Reidel &nbsp; &nbsp; &nbsp; El vicepresidente segundo del Banco Central, Demian Reidel, consider\u00f3 este lunes que la meta de inflaci\u00f3n no es &#8220;imposible&#8221; sino &#8220;dif\u00edcil&#8221; de cumplir, mientras sostuvo que la autoridad monetaria va a intervenir en el mercado si percibe &#8220;una din\u00e1mica rara o disruptiva&#8221;. &nbsp; &#8220;Tenemos una pol\u00edtica flexible. Hemos intervenido la semana pasada, no para determinar un tipo de cambio&#8221;, evalu\u00f3. &nbsp; Las declaraciones fueron formuladas luego de que&#8230;<\/p>\n","protected":false},"author":3,"featured_media":15140,"comment_status":"closed","ping_status":"closed","sticky":false,"template":"","format":"standard","meta":[],"categories":[2],"tags":[],"_links":{"self":[{"href":"https:\/\/www.actualidadadiario.com\/index.php\/wp-json\/wp\/v2\/posts\/15139"}],"collection":[{"href":"https:\/\/www.actualidadadiario.com\/index.php\/wp-json\/wp\/v2\/posts"}],"about":[{"href":"https:\/\/www.actualidadadiario.com\/index.php\/wp-json\/wp\/v2\/types\/post"}],"author":[{"embeddable":true,"href":"https:\/\/www.actualidadadiario.com\/index.php\/wp-json\/wp\/v2\/users\/3"}],"replies":[{"embeddable":true,"href":"https:\/\/www.actualidadadiario.com\/index.php\/wp-json\/wp\/v2\/comments?post=15139"}],"version-history":[{"count":1,"href":"https:\/\/www.actualidadadiario.com\/index.php\/wp-json\/wp\/v2\/posts\/15139\/revisions"}],"predecessor-version":[{"id":15141,"href":"https:\/\/www.actualidadadiario.com\/index.php\/wp-json\/wp\/v2\/posts\/15139\/revisions\/15141"}],"wp:featuredmedia":[{"embeddable":true,"href":"https:\/\/www.actualidadadiario.com\/index.php\/wp-json\/wp\/v2\/media\/15140"}],"wp:attachment":[{"href":"https:\/\/www.actualidadadiario.com\/index.php\/wp-json\/wp\/v2\/media?parent=15139"}],"wp:term":[{"taxonomy":"category","embeddable":true,"href":"https:\/\/www.actualidadadiario.com\/index.php\/wp-json\/wp\/v2\/categories?post=15139"},{"taxonomy":"post_tag","embeddable":true,"href":"https:\/\/www.actualidadadiario.com\/index.php\/wp-json\/wp\/v2\/tags?post=15139"}],"curies":[{"name":"wp","href":"https:\/\/api.w.org\/{rel}","templated":true}]}}