{"id":14787,"date":"2017-07-26T09:42:13","date_gmt":"2017-07-26T12:42:13","guid":{"rendered":"http:\/\/actualidadadiario.com\/site\/?p=14787"},"modified":"2017-07-26T09:42:13","modified_gmt":"2017-07-26T12:42:13","slug":"duro-cruce-entre-el-gobierno-nacional-y-juan-schiaretti","status":"publish","type":"post","link":"https:\/\/www.actualidadadiario.com\/index.php\/2017\/07\/26\/duro-cruce-entre-el-gobierno-nacional-y-juan-schiaretti\/","title":{"rendered":"Duro cruce entre el Gobierno nacional y Juan Schiaretti"},"content":{"rendered":"<p><em><strong>Rogelio Frigerio le respondi\u00f3 al gobernador de C\u00f3rdoba por los cr\u00e9ditos hipotecarios: &#8220;No tiene nada que ver esto con la 1050&#8221;. Tambi\u00e9n le sali\u00f3 al cruce Mario Negri<\/strong><\/em><\/p>\n<p>&nbsp;<\/p>\n<p>&nbsp;<\/p>\n<p>&nbsp;<\/p>\n<p>El ministro del Interior, Viviendas y Obras P\u00fablicas, Rogelio Frigerio, le respondi\u00f3 este martes al gobernador cordob\u00e9s, Juan Schiaretti, por sus cr\u00edticas a los cr\u00e9ditos hipotecarios al asegurar que \u00e9sta medida &#8220;no tiene nada que ver con la 1050&#8221;.<\/p>\n<p>&nbsp;<\/p>\n<p>El funcionario nacional rechaz\u00f3 as\u00ed las cr\u00edticas de Schiaretti, quien hab\u00eda considerado que la medida impulsada por el Ejecutivo &#8220;ten\u00eda olor&#8221; al programa de vivienda presentado durante la dictadura por Jos\u00e9 Alfredo Mart\u00ednez de Hoz porque, seg\u00fan analiz\u00f3, en ambos &#8220;se indexa con la inflaci\u00f3n y tiene una tasa de inter\u00e9s para los bancos del 5%&#8221;.<\/p>\n<p>&nbsp;<\/p>\n<p>&#8220;Yo creo que no informaron bien al gobernador (Schiaretti), porque no tiene nada que ver esto con la 1050. Ac\u00e1 no hay una indexaci\u00f3n de los intereses, se aplica el UVA, que es algo que se vot\u00f3 un\u00e1nimemente en el Congreso. Y es algo que ha permitido m\u00e1s que quintuplicar la cantidad de cr\u00e9ditos hipotecarios en el pa\u00eds&#8221;, explic\u00f3 por su parte Frigerio.<\/p>\n<p>&nbsp;<\/p>\n<p>&nbsp;<\/p>\n<p><strong>Mario Negri<\/strong><\/p>\n<p>Tambi\u00e9n, el jefe del interbloque de Cambiemos en la C\u00e1mara de Diputados, Mario Negri, sali\u00f3 a polemizar con el mandatario mediterr\u00e1neo por sus reclamos al Gobierno y le recrimin\u00f3 que &#8220;hasta hace 60 d\u00edas, cuando andaba en auto con el Presidente, era dif\u00edcil bajarlo&#8221;.<\/p>\n<p>&nbsp;<\/p>\n<p>&#8220;Se larg\u00f3 la campa\u00f1a, que en C\u00f3rdoba estaba dormida. Siempre hay mitad de verdades y mitad de mentiras, lo cual construye una gran confusi\u00f3n. No sab\u00eda si era Schiaretti el gobernador o un familiar suyo. Hasta hace 60 d\u00edas, cuando andaba en auto con el Presidente (Mauricio Macri), era dif\u00edcil bajarlo&#8221;, sostuvo Negri.<\/p>\n","protected":false},"excerpt":{"rendered":"<p>Rogelio Frigerio le respondi\u00f3 al gobernador de C\u00f3rdoba por los cr\u00e9ditos hipotecarios: &#8220;No tiene nada que ver esto con la 1050&#8221;. Tambi\u00e9n le sali\u00f3 al cruce Mario Negri &nbsp; &nbsp; &nbsp; El ministro del Interior, Viviendas y Obras P\u00fablicas, Rogelio Frigerio, le respondi\u00f3 este martes al gobernador cordob\u00e9s, Juan Schiaretti, por sus cr\u00edticas a los cr\u00e9ditos hipotecarios al asegurar que \u00e9sta medida &#8220;no tiene nada que ver con la 1050&#8221;. &nbsp; El funcionario nacional rechaz\u00f3 as\u00ed las cr\u00edticas de Schiaretti, quien hab\u00eda considerado que la medida impulsada por el Ejecutivo&#8230;<\/p>\n","protected":false},"author":3,"featured_media":14788,"comment_status":"closed","ping_status":"closed","sticky":false,"template":"","format":"standard","meta":[],"categories":[18],"tags":[],"_links":{"self":[{"href":"https:\/\/www.actualidadadiario.com\/index.php\/wp-json\/wp\/v2\/posts\/14787"}],"collection":[{"href":"https:\/\/www.actualidadadiario.com\/index.php\/wp-json\/wp\/v2\/posts"}],"about":[{"href":"https:\/\/www.actualidadadiario.com\/index.php\/wp-json\/wp\/v2\/types\/post"}],"author":[{"embeddable":true,"href":"https:\/\/www.actualidadadiario.com\/index.php\/wp-json\/wp\/v2\/users\/3"}],"replies":[{"embeddable":true,"href":"https:\/\/www.actualidadadiario.com\/index.php\/wp-json\/wp\/v2\/comments?post=14787"}],"version-history":[{"count":1,"href":"https:\/\/www.actualidadadiario.com\/index.php\/wp-json\/wp\/v2\/posts\/14787\/revisions"}],"predecessor-version":[{"id":14789,"href":"https:\/\/www.actualidadadiario.com\/index.php\/wp-json\/wp\/v2\/posts\/14787\/revisions\/14789"}],"wp:featuredmedia":[{"embeddable":true,"href":"https:\/\/www.actualidadadiario.com\/index.php\/wp-json\/wp\/v2\/media\/14788"}],"wp:attachment":[{"href":"https:\/\/www.actualidadadiario.com\/index.php\/wp-json\/wp\/v2\/media?parent=14787"}],"wp:term":[{"taxonomy":"category","embeddable":true,"href":"https:\/\/www.actualidadadiario.com\/index.php\/wp-json\/wp\/v2\/categories?post=14787"},{"taxonomy":"post_tag","embeddable":true,"href":"https:\/\/www.actualidadadiario.com\/index.php\/wp-json\/wp\/v2\/tags?post=14787"}],"curies":[{"name":"wp","href":"https:\/\/api.w.org\/{rel}","templated":true}]}}