{"id":14778,"date":"2017-07-26T09:39:34","date_gmt":"2017-07-26T12:39:34","guid":{"rendered":"http:\/\/actualidadadiario.com\/site\/?p=14778"},"modified":"2017-07-26T09:39:34","modified_gmt":"2017-07-26T12:39:34","slug":"alertan-que-la-suba-del-dolar-ya-se-traslada-a-los-precios","status":"publish","type":"post","link":"https:\/\/www.actualidadadiario.com\/index.php\/2017\/07\/26\/alertan-que-la-suba-del-dolar-ya-se-traslada-a-los-precios\/","title":{"rendered":"Alertan que la suba del d\u00f3lar ya se traslada a los precios"},"content":{"rendered":"<p><em><strong>V\u00edctor Fera, due\u00f1o del mayorista Maxiconsumo critic\u00f3 al Gobierno y coment\u00f3 que los productos de mayor necesidad &#8220;son los que m\u00e1s aumentan con el d\u00f3lar&#8221; y agreg\u00f3 que por esta cuesti\u00f3n la gente se encuentra &#8220;afectada en su sueldo y las ventas caen&#8221;<\/strong><\/em><\/p>\n<p>&nbsp;<\/p>\n<p>&nbsp;<\/p>\n<p>&nbsp;<\/p>\n<p>&nbsp;<\/p>\n<p>El due\u00f1o de Maxiconsumo y de la marca Marolio, V\u00edctor Fera alert\u00f3 este martes que por la suba indiscriminada del d\u00f3lar, inevitablemente &#8220;se va a trasladar a los precios de los alimentos&#8221;, por lo que vaticina una fuerte nueva ca\u00edda del consumo, adem\u00e1s de criticar duramente a Cambiemos al demostrar que no &#8220;hay ning\u00fan inter\u00e9s&#8221; de corregir la situaci\u00f3n.<\/p>\n<p>&nbsp;<\/p>\n<p>En una entrevista telef\u00f3nica con Futurock, el empresario dijo que &#8220;lamentablemente, la suba se va a dar en los alimentos. Los commodities van a trasladar a precios autom\u00e1ticamente&#8221;, por lo que &#8220;lo que no est\u00e9 en precios reales se va a trasladar porque el commodities se maneja con el precio del d\u00f3lar&#8221;.<\/p>\n<p>&nbsp;<\/p>\n<p>Ante este panorama, Fera aleg\u00f3 que esta situaci\u00f3n &#8220;va a traer inflaci\u00f3n&#8221; y que seguir\u00e1 cayendo el consumo.<\/p>\n<p>&nbsp;<\/p>\n<p>&#8220;Hay clientes que antes compraban en supermercados y ahora se pasaron a mayoristas porque se encuentran muy afectados. Primero por los precios abultados y segundo por la crisis&#8221;, se\u00f1al\u00f3 el empresario.<\/p>\n<p>&nbsp;<\/p>\n<p>Seg\u00fan Fera, los productos de mayor necesidad son los que sufrir\u00e1n los mayores aumentos: &#8220;La leche subi\u00f3, tenemos la leche m\u00e1s cara del mundo en Argentina. Al ver lo que pasa en el mundo con el precio de la leche y lo que pasa en Argentina, hay un abuso de poderes dominantes excepcional y eso hace que el valor de la leche no sea el real&#8221;.<\/p>\n<p>&nbsp;<\/p>\n<p>Por otra parte, responsabiliz\u00f3 directamente al Gobierno por la situaci\u00f3n, al afirmar que &#8220;no hay ning\u00fan inter\u00e9s de la Secretar\u00eda de Comercio o del Gobierno de que los abusos no se produzcan&#8221;.<\/p>\n<p>&nbsp;<\/p>\n<p>&#8220;Necesitamos una ley de g\u00f3ndolas y una ley antimonop\u00f3lica urgentemente. La ley antimonop\u00f3lica no funciona. Est\u00e1n archivadas las denuncias en los cajones, lamentablemente&#8221;, concluy\u00f3.<\/p>\n","protected":false},"excerpt":{"rendered":"<p>V\u00edctor Fera, due\u00f1o del mayorista Maxiconsumo critic\u00f3 al Gobierno y coment\u00f3 que los productos de mayor necesidad &#8220;son los que m\u00e1s aumentan con el d\u00f3lar&#8221; y agreg\u00f3 que por esta cuesti\u00f3n la gente se encuentra &#8220;afectada en su sueldo y las ventas caen&#8221; &nbsp; &nbsp; &nbsp; &nbsp; El due\u00f1o de Maxiconsumo y de la marca Marolio, V\u00edctor Fera alert\u00f3 este martes que por la suba indiscriminada del d\u00f3lar, inevitablemente &#8220;se va a trasladar a los precios de los alimentos&#8221;, por lo que vaticina una fuerte nueva ca\u00edda del consumo, adem\u00e1s&#8230;<\/p>\n","protected":false},"author":3,"featured_media":14779,"comment_status":"closed","ping_status":"closed","sticky":false,"template":"","format":"standard","meta":[],"categories":[2],"tags":[],"_links":{"self":[{"href":"https:\/\/www.actualidadadiario.com\/index.php\/wp-json\/wp\/v2\/posts\/14778"}],"collection":[{"href":"https:\/\/www.actualidadadiario.com\/index.php\/wp-json\/wp\/v2\/posts"}],"about":[{"href":"https:\/\/www.actualidadadiario.com\/index.php\/wp-json\/wp\/v2\/types\/post"}],"author":[{"embeddable":true,"href":"https:\/\/www.actualidadadiario.com\/index.php\/wp-json\/wp\/v2\/users\/3"}],"replies":[{"embeddable":true,"href":"https:\/\/www.actualidadadiario.com\/index.php\/wp-json\/wp\/v2\/comments?post=14778"}],"version-history":[{"count":1,"href":"https:\/\/www.actualidadadiario.com\/index.php\/wp-json\/wp\/v2\/posts\/14778\/revisions"}],"predecessor-version":[{"id":14780,"href":"https:\/\/www.actualidadadiario.com\/index.php\/wp-json\/wp\/v2\/posts\/14778\/revisions\/14780"}],"wp:featuredmedia":[{"embeddable":true,"href":"https:\/\/www.actualidadadiario.com\/index.php\/wp-json\/wp\/v2\/media\/14779"}],"wp:attachment":[{"href":"https:\/\/www.actualidadadiario.com\/index.php\/wp-json\/wp\/v2\/media?parent=14778"}],"wp:term":[{"taxonomy":"category","embeddable":true,"href":"https:\/\/www.actualidadadiario.com\/index.php\/wp-json\/wp\/v2\/categories?post=14778"},{"taxonomy":"post_tag","embeddable":true,"href":"https:\/\/www.actualidadadiario.com\/index.php\/wp-json\/wp\/v2\/tags?post=14778"}],"curies":[{"name":"wp","href":"https:\/\/api.w.org\/{rel}","templated":true}]}}