{"id":14765,"date":"2017-07-26T09:32:09","date_gmt":"2017-07-26T12:32:09","guid":{"rendered":"http:\/\/actualidadadiario.com\/site\/?p=14765"},"modified":"2017-07-26T09:32:09","modified_gmt":"2017-07-26T12:32:09","slug":"juicio-por-femicidio-de-josefina-lopez-hoy-se-conoce-la-sentencia","status":"publish","type":"post","link":"https:\/\/www.actualidadadiario.com\/index.php\/2017\/07\/26\/juicio-por-femicidio-de-josefina-lopez-hoy-se-conoce-la-sentencia\/","title":{"rendered":"Juicio por femicidio de Josefina L\u00f3pez: Hoy se conoce la sentencia"},"content":{"rendered":"<p><em><strong>Juan Carlos Acu\u00f1a est\u00e1 sentado en el banquillo de los acusados y podr\u00eda recibir la pena de prisi\u00f3n perpetua<\/strong><\/em><\/p>\n<p>&nbsp;<\/p>\n<p>&nbsp;<\/p>\n<p>&nbsp;<\/p>\n<p>Este mi\u00e9rcoles la Sala Penal dar\u00e1 a conocer la sentencia sobre el caso de Josefina L\u00f3pez, la adolescente de 17 a\u00f1os asesinada y descuartizada en 2015. Juan Carlos Acu\u00f1a est\u00e1 sentado en el banquillo de los acusados y podr\u00eda recibir la pena de prisi\u00f3n perpetua.<\/p>\n<p>&nbsp;<\/p>\n<p>El tribunal est\u00e1 compuesto por los jueces Silvina Gallo, Ives Basti\u00e1n y Mart\u00edn Carbonell, quienes dar\u00e1n a conocer la parte resolutiva de la sentencia. El asesinato de Josefina L\u00f3pez ocurri\u00f3 en julio de 2015. La joven hab\u00eda desaparecido el 29 de julio de su casa del barrio El Sol, donde viv\u00eda junto a su madre, su padrastro, sus hermanos, su abuela y su t\u00eda, quien a su vez era la novia de Acu\u00f1a. La b\u00fasqueda de Josefina dur\u00f3 27 d\u00edas. Se manejaron muchas hip\u00f3tesis hasta que se confirm\u00f3 lo peor.<\/p>\n<p>&nbsp;<\/p>\n<p>El 23 de agosto hallaron partes de su cuerpo enterrado en un terreno de las ruinas del Naranjal de Pereda, al sur de la planta potabilizadora de Aguas Sanitarias. Poco despu\u00e9s encontraron el resto m\u00e1s abajo cerca del r\u00edo Uruguay, tapado con hojas.<\/p>\n","protected":false},"excerpt":{"rendered":"<p>Juan Carlos Acu\u00f1a est\u00e1 sentado en el banquillo de los acusados y podr\u00eda recibir la pena de prisi\u00f3n perpetua &nbsp; &nbsp; &nbsp; Este mi\u00e9rcoles la Sala Penal dar\u00e1 a conocer la sentencia sobre el caso de Josefina L\u00f3pez, la adolescente de 17 a\u00f1os asesinada y descuartizada en 2015. Juan Carlos Acu\u00f1a est\u00e1 sentado en el banquillo de los acusados y podr\u00eda recibir la pena de prisi\u00f3n perpetua. &nbsp; El tribunal est\u00e1 compuesto por los jueces Silvina Gallo, Ives Basti\u00e1n y Mart\u00edn Carbonell, quienes dar\u00e1n a conocer la parte resolutiva de&#8230;<\/p>\n","protected":false},"author":3,"featured_media":14766,"comment_status":"closed","ping_status":"closed","sticky":false,"template":"","format":"standard","meta":[],"categories":[15],"tags":[],"_links":{"self":[{"href":"https:\/\/www.actualidadadiario.com\/index.php\/wp-json\/wp\/v2\/posts\/14765"}],"collection":[{"href":"https:\/\/www.actualidadadiario.com\/index.php\/wp-json\/wp\/v2\/posts"}],"about":[{"href":"https:\/\/www.actualidadadiario.com\/index.php\/wp-json\/wp\/v2\/types\/post"}],"author":[{"embeddable":true,"href":"https:\/\/www.actualidadadiario.com\/index.php\/wp-json\/wp\/v2\/users\/3"}],"replies":[{"embeddable":true,"href":"https:\/\/www.actualidadadiario.com\/index.php\/wp-json\/wp\/v2\/comments?post=14765"}],"version-history":[{"count":1,"href":"https:\/\/www.actualidadadiario.com\/index.php\/wp-json\/wp\/v2\/posts\/14765\/revisions"}],"predecessor-version":[{"id":14767,"href":"https:\/\/www.actualidadadiario.com\/index.php\/wp-json\/wp\/v2\/posts\/14765\/revisions\/14767"}],"wp:featuredmedia":[{"embeddable":true,"href":"https:\/\/www.actualidadadiario.com\/index.php\/wp-json\/wp\/v2\/media\/14766"}],"wp:attachment":[{"href":"https:\/\/www.actualidadadiario.com\/index.php\/wp-json\/wp\/v2\/media?parent=14765"}],"wp:term":[{"taxonomy":"category","embeddable":true,"href":"https:\/\/www.actualidadadiario.com\/index.php\/wp-json\/wp\/v2\/categories?post=14765"},{"taxonomy":"post_tag","embeddable":true,"href":"https:\/\/www.actualidadadiario.com\/index.php\/wp-json\/wp\/v2\/tags?post=14765"}],"curies":[{"name":"wp","href":"https:\/\/api.w.org\/{rel}","templated":true}]}}