{"id":14759,"date":"2017-07-26T09:30:39","date_gmt":"2017-07-26T12:30:39","guid":{"rendered":"http:\/\/actualidadadiario.com\/site\/?p=14759"},"modified":"2017-07-26T09:30:39","modified_gmt":"2017-07-26T12:30:39","slug":"el-cge-separo-a-la-docente-del-jardin-de-infantes-tras-denuncia-por-maltrato","status":"publish","type":"post","link":"https:\/\/www.actualidadadiario.com\/index.php\/2017\/07\/26\/el-cge-separo-a-la-docente-del-jardin-de-infantes-tras-denuncia-por-maltrato\/","title":{"rendered":"El CGE separ\u00f3 a la docente del jard\u00edn de infantes tras denuncia por maltrato"},"content":{"rendered":"<p><em><strong>El gobierno provincial a trav\u00e9s del CGE, intervino inmediatamente, separando preventivamente de su cargo a la docente tras la denuncia por maltrato. Se busca llevar tranquilidad a los padres y se inici\u00f3 la investigaci\u00f3n sumaria<\/strong><\/em><\/p>\n<p>&nbsp;<\/p>\n<p>&nbsp;<\/p>\n<p>El titular del Consejo General de Educaci\u00f3n, Jos\u00e9 Luis Panozzo, explic\u00f3 que la docente era titular en la escuela, y que el gobierno no ten\u00eda conocimiento de la situaci\u00f3n ni denuncias previas al respecto, pero &#8220;apenas tuvo conocimiento la Direcci\u00f3n Departamental de Escuelas de Paran\u00e1, inmediatamente se tom\u00f3 intervenci\u00f3n con la supervisora, se constituy\u00f3 en la escuela, se labraron actas y la docente inmediatamente fue separada del cargo, para llevar tranquilidad a los padres&#8221;.<\/p>\n<p>&nbsp;<\/p>\n<p>Explic\u00f3 que la situaci\u00f3n se hizo p\u00fablica porque &#8220;cuando la maestra estaba grit\u00e1ndole a un ni\u00f1o, pas\u00f3 un pap\u00e1 que film\u00f3 y grab\u00f3 desde la ventana de afuera lo que estaba ocurriendo, es ah\u00ed cuando hace la denuncia como corresponde&#8221;.<\/p>\n<p>&nbsp;<\/p>\n<p>&#8220;Apenas nos enteramos de manera preventiva nosotros separamos a la docente del cargo, m\u00e1s all\u00e1 de seguir las cuestiones administrativas, actuamos de forma preventiva separ\u00e1ndola del cargo para preservar la instituci\u00f3n y a los ni\u00f1os&#8221;, insisti\u00f3.<\/p>\n<p>&nbsp;<\/p>\n<p>Detall\u00f3 que de manera &#8220;inmediata se abre la instrucci\u00f3n sumarial, para iniciar todo el proceso de investigaci\u00f3n&#8221;. Y en ese sentido, indic\u00f3 que &#8220;se est\u00e1 actuando a trav\u00e9s de la Direcci\u00f3n Departamental con la supervisora de nivel, y la Direcci\u00f3n de Nivel del Consejo General de Educaci\u00f3n hasta que se resuelva el sumario&#8221;.<\/p>\n<p>&nbsp;<\/p>\n<p>Por otra parte, el titular del CGE indic\u00f3 que para continuar con el desarrollo de las actividades institucionales en el jard\u00edn, &#8220;se nombrar\u00e1 un suplente por orden de m\u00e9rito y mediante concurso para que contin\u00faen las actividades&#8221;. Y en ese sentido, aclar\u00f3 que se brinda &#8220;acompa\u00f1amiento desde el CGE con el equipo interdisciplinario para que haga una asistencia tanto a los ni\u00f1os de esa divisi\u00f3n como tambi\u00e9n al personal de la escuela, hacemos una intervenci\u00f3n con un equipo de psic\u00f3logos sociales, asistentes sociales&#8221;.<\/p>\n<p>&nbsp;<\/p>\n<p>&nbsp;<\/p>\n<p>En el caso de la investigaci\u00f3n del hecho, contin\u00faa por v\u00eda administrativa: &#8220;Hoy se inici\u00f3 el sumario y viene todo un proceso; se llama a declarar a los docentes, a los chicos no porque son menores, y a los pap\u00e1s&#8221;.<\/p>\n<p>&nbsp;<\/p>\n<p>En funci\u00f3n de eso &#8220;despu\u00e9s se ver\u00e1 la sanci\u00f3n que corresponde, dependiendo de lo que surja de la instrucci\u00f3n sumarial, del equipo de profesionales que act\u00faan desde el \u00e1rea del tribunal de disciplina del CGE&#8221;.<\/p>\n","protected":false},"excerpt":{"rendered":"<p>El gobierno provincial a trav\u00e9s del CGE, intervino inmediatamente, separando preventivamente de su cargo a la docente tras la denuncia por maltrato. Se busca llevar tranquilidad a los padres y se inici\u00f3 la investigaci\u00f3n sumaria &nbsp; &nbsp; El titular del Consejo General de Educaci\u00f3n, Jos\u00e9 Luis Panozzo, explic\u00f3 que la docente era titular en la escuela, y que el gobierno no ten\u00eda conocimiento de la situaci\u00f3n ni denuncias previas al respecto, pero &#8220;apenas tuvo conocimiento la Direcci\u00f3n Departamental de Escuelas de Paran\u00e1, inmediatamente se tom\u00f3 intervenci\u00f3n con la supervisora, se&#8230;<\/p>\n","protected":false},"author":3,"featured_media":14760,"comment_status":"closed","ping_status":"closed","sticky":false,"template":"","format":"standard","meta":[],"categories":[15],"tags":[],"_links":{"self":[{"href":"https:\/\/www.actualidadadiario.com\/index.php\/wp-json\/wp\/v2\/posts\/14759"}],"collection":[{"href":"https:\/\/www.actualidadadiario.com\/index.php\/wp-json\/wp\/v2\/posts"}],"about":[{"href":"https:\/\/www.actualidadadiario.com\/index.php\/wp-json\/wp\/v2\/types\/post"}],"author":[{"embeddable":true,"href":"https:\/\/www.actualidadadiario.com\/index.php\/wp-json\/wp\/v2\/users\/3"}],"replies":[{"embeddable":true,"href":"https:\/\/www.actualidadadiario.com\/index.php\/wp-json\/wp\/v2\/comments?post=14759"}],"version-history":[{"count":1,"href":"https:\/\/www.actualidadadiario.com\/index.php\/wp-json\/wp\/v2\/posts\/14759\/revisions"}],"predecessor-version":[{"id":14761,"href":"https:\/\/www.actualidadadiario.com\/index.php\/wp-json\/wp\/v2\/posts\/14759\/revisions\/14761"}],"wp:featuredmedia":[{"embeddable":true,"href":"https:\/\/www.actualidadadiario.com\/index.php\/wp-json\/wp\/v2\/media\/14760"}],"wp:attachment":[{"href":"https:\/\/www.actualidadadiario.com\/index.php\/wp-json\/wp\/v2\/media?parent=14759"}],"wp:term":[{"taxonomy":"category","embeddable":true,"href":"https:\/\/www.actualidadadiario.com\/index.php\/wp-json\/wp\/v2\/categories?post=14759"},{"taxonomy":"post_tag","embeddable":true,"href":"https:\/\/www.actualidadadiario.com\/index.php\/wp-json\/wp\/v2\/tags?post=14759"}],"curies":[{"name":"wp","href":"https:\/\/api.w.org\/{rel}","templated":true}]}}