{"id":14756,"date":"2017-07-26T09:29:14","date_gmt":"2017-07-26T12:29:14","guid":{"rendered":"http:\/\/actualidadadiario.com\/site\/?p=14756"},"modified":"2017-07-26T09:29:14","modified_gmt":"2017-07-26T12:29:14","slug":"los-entrerrianos-que-no-tienen-obra-social-podran-acceder-en-forma-gratuita-a-la-medicina-nuclear","status":"publish","type":"post","link":"https:\/\/www.actualidadadiario.com\/index.php\/2017\/07\/26\/los-entrerrianos-que-no-tienen-obra-social-podran-acceder-en-forma-gratuita-a-la-medicina-nuclear\/","title":{"rendered":"Los entrerrianos que no tienen obra social podr\u00e1n acceder en forma gratuita a la medicina nuclear"},"content":{"rendered":"<p><em><strong>El gobernador Gustavo Bordet suscribi\u00f3 un acuerdo de colaboraci\u00f3n con la Fundaci\u00f3n Centro de Medicina Nuclear y Molecular de Entre R\u00edos (Cemener), que apunta al acceso a la mejor tecnolog\u00eda de diagn\u00f3stico y m\u00e9dica oncol\u00f3gica de los sectores que no cuentan con obra social<\/strong><\/em><\/p>\n<p>&nbsp;<\/p>\n<p>&nbsp;<\/p>\n<p>&nbsp;<\/p>\n<p>&nbsp;<\/p>\n<p>El mandatario ratific\u00f3 \u201ceste rumbo que venimos tomando, entendiendo a la salud como la gran inversi\u00f3n para tener una sociedad que est\u00e9 plenamente incluida en todos los estratos sociales. Desde el Estado tambi\u00e9n tenemos que hacer el esfuerzo necesario para el sostenimiento del sistema sanitario\u201d.<\/p>\n<p>&nbsp;<\/p>\n<p>De este modo, alrededor de 450.000 entrerrianos podr\u00e1n acceder a la medicina nuclear en neurolog\u00eda, oncolog\u00eda, cardiolog\u00eda y otras patolog\u00edas, tanto a nivel de diagn\u00f3stico como tratamiento, con la tecnolog\u00eda m\u00e1s importante de Latinoam\u00e9rica.<\/p>\n<p>&nbsp;<\/p>\n<p>El acuerdo con Cemener est\u00e1 particularmente dirigido a los sectores de la poblaci\u00f3n que no integran los sistemas de la seguridad social o prepagos y son atendidos por los efectores p\u00fablicos de la provincia, respetando fundamentalmente los derechos a la salud de la poblaci\u00f3n m\u00e1s vulnerable.<\/p>\n<p>&nbsp;<\/p>\n<p>En la sede del Cemener, el mandatario se\u00f1al\u00f3 que \u201ceste convenio es algo que ven\u00edamos trabajando, de mucha importancia en el sentido de poder incorporar las prestaciones de servicios a personas que no poseen obra social. Esto significa ganar much\u00edsimo en calidad en materia prestacional de salud\u201d.<\/p>\n<p>&nbsp;<\/p>\n<p>Destac\u00f3 que \u201ceste centro representa un salto cualitativo enorme en materia de salud para la provincia de Entre R\u00edos. Significa poner a la provincia en la vanguardia en lo que es innovaci\u00f3n en materia de ciencia y tecnolog\u00eda aplicada, en este caso a un sector tan sensible como el de la salud p\u00fablica&#8221;.<\/p>\n<p>&nbsp;<\/p>\n<p>Hizo notar luego &#8220;la importancia que tiene este centro para diagn\u00f3sticos y tratamientos oncol\u00f3gicos, donde muchos pacientes ten\u00edan que ir fuera de la provincia, a Buenos Aires y a veces hasta Mendoza para realizarlos&#8221;.<\/p>\n<p>&nbsp;<\/p>\n<p>Valor\u00f3 luego el &#8220;esfuerzo que hicieron muchas ONGs que trabajan en todas las ciudades en la lucha contra el c\u00e1ncer y que lo hacen desinteresadamente y poniendo much\u00edsima pasi\u00f3n\u201d.<\/p>\n<p>&nbsp;<\/p>\n<p>\u201cTener hoy aqu\u00ed este centro realmente significa un avance enorme, por todo lo que representa, y porque tambi\u00e9n est\u00e1 vinculado a la universidad, a la investigaci\u00f3n. Es un apasionante campo que se abre y que da la posibilidad de que nuestros estudiantes puedan tener la formaci\u00f3n aqu\u00ed con este equipamiento y la tecnolog\u00eda de punta\u201d, acot\u00f3.<\/p>\n<p>&nbsp;<\/p>\n<p>M\u00e1s adelante, expres\u00f3 su \u201corgullo de nuestra obra social, de la cual soy afiliado desde hace muchos a\u00f1os, y por eso cuando se plante\u00f3 la necesidad de incrementar los aportes patronales que realiza el gobierno, que son de los m\u00e1s bajos que hay en el pa\u00eds, no dudamos pese a severas dificultades financieras que tenemos. Tenemos dificultades financiera muy serias, pero a veces eso no puede representar un obst\u00e1culo para que la obra social pueda nutrirse de los fondos que leg\u00edtimamente le corresponden y que se pueda cumplir con el servicio prestacional&#8221;.<\/p>\n<p>&nbsp;<\/p>\n<p>Agreg\u00f3 que \u201cla obra social de la provincia funciona en forma aut\u00e1rquica y a esto nosotros lo ponderamos de manera muy positiva y hacemos votos para que podamos seguir transitando este camino. Por eso nuestro compromiso de firmar este convenio que de alg\u00fan modo nos obliga a redoblar el esfuerzo para seguir trabajando todos en conjunto y para poder seguir teniendo una provincia de Entre R\u00edos con un sistema de salud como todos nos merecemos\u201d.<\/p>\n<p>&nbsp;<\/p>\n<p>&nbsp;<\/p>\n<p><strong>Acorde a las exigencias de la medicina moderna<\/strong><\/p>\n<p>Por su parte la ministra de Salud, Sonia Vel\u00e1zquez, se\u00f1al\u00f3: \u201cEste convenio es vital porque las partes se comprometen a desarrollar conjuntamente actividades acad\u00e9micas que promuevan la formaci\u00f3n de recursos humanos altamente especializados en el campo del diagn\u00f3stico y tratamiento de dolencias oncol\u00f3gicas, cardiol\u00f3gicas, neurol\u00f3gicas y al desarrollo de la ciencia\u201d y en ese sentido resalt\u00f3: \u201cEsto implica ratificar que a trav\u00e9s de nuevos conocimientos y profesionales altamente capacitados, es la forma correcta de asegurar la calidad en la pr\u00e1ctica m\u00e9dica acorde a las exigencias de la medicina moderna\u201d.<\/p>\n<p>&nbsp;<\/p>\n<p>Adem\u00e1s la funcionaria sostuvo que mediante esta instancia \u201cse da la posibilidad de poder incorporar a este Centro dentro de la red de prestadores para ampliar la cobertura a la poblaci\u00f3n que est\u00e1 fuera de la seguridad social\u201d y afirm\u00f3 los alcances de la firma: \u201cGenera impacto poder ampliar y restituir derechos, pero tambi\u00e9n un centro de estas caracter\u00edsticas significa poner en valor el componente sanitario a nivel de la m\u00e1xima calidad con diagn\u00f3stico, tratamiento y cobertura, que es lo que nosotros estamos por estos tiempos poniendo en agenda para poder materializar la concreci\u00f3n de los derechos sanitarios a toda la poblaci\u00f3n\u201d.<\/p>\n<p>&nbsp;<\/p>\n<p>Cabe citar que, en principio, las actividades m\u00e9dico asistenciales se trabajar\u00e1n con los cinco hospitales de referencia de la provincia comprendiendo por ello a los pacientes derivados de los hospitales San Mart\u00edn y San Roque de Paran\u00e1; Justo Jos\u00e9 de Urquiza de Concepci\u00f3n del Uruguay; Delicia Concepci\u00f3n Masvernat de Concordia y Centenario de Gualeguaych\u00fa.<\/p>\n<p>&nbsp;<\/p>\n<p><strong>\u00a0<\/strong><\/p>\n<p><strong>Compromiso con los entrerrianos<\/strong><\/p>\n<p>A su turno, el vicepresidente del Consejo de Administraci\u00f3n del Cemener y presidente del IOSPER, Fernando Ca\u00f1ete, destac\u00f3 que la firma del convenio, es \u201cla demostraci\u00f3n de que administrados bien los recursos se puede llevar adelante obras de esta naturaleza, con un compromiso no solo para los afiliados, sino mucho m\u00e1s fuerte para la poblaci\u00f3n entrerriana porque que tengan acceso a toda la tecnolog\u00eda que tiene hoy Oro Verde, reconocida por gran parte del pa\u00eds como la mejor, y por prestadores que elogian la calidad de los estudios que salen de este establecimiento\u201d.<\/p>\n<p>&nbsp;<\/p>\n<p>El hecho de que \u201ctodas aquellas personas que no tienen cobertura social puedan tener acceso a esta etapa de investigaci\u00f3n, de tratamiento y estudio, nos parece fundamental\u201d, asegur\u00f3 para agregar que de ese modo se demuestra \u201cel compromiso que tenemos los trabajadores que conducimos la obra social con los entrerrianos\u201d.<\/p>\n<p>&nbsp;<\/p>\n<p>Asimismo, valor\u00f3 el \u201cesfuerzo\u201d de diferentes sectores: De la Comisi\u00f3n Nacional de Energ\u00eda At\u00f3mica, del gobierno de la provincia y de la obra social, que \u201ctiene que ver con la mejor calidad de servicio, atenci\u00f3n y la predisposici\u00f3n para que nuestra provincia tenga lo que merece\u201d.<\/p>\n<p>&nbsp;<\/p>\n<p>Luego adelant\u00f3 que &#8220;tenemos la aprobaci\u00f3n para la puesta en marcha del hospital de d\u00eda, que nos va a permitir encontrarnos con un desarrollo del Centro de Medicina Nuclear en un 100 por ciento&#8221;. En ese marco, tambi\u00e9n anticip\u00f3 que &#8220;vamos a desarrollar un proyecto para la atenci\u00f3n de la mujer, que tiene que ver con ecograf\u00edas, mamograf\u00edas, es un gran compromiso que va a llevar adelante la obra social con el Cemener&#8221;.<\/p>\n<p>&nbsp;<\/p>\n<p>Por su parte, la vicepresidenta de la Fundaci\u00f3n de Ayuda al Enfermo Hemato Oncol\u00f3gico de Entre R\u00edos, Alicia Krevisky, dijo: &#8220;Estoy maravillada con lo que han hecho; llevo 28 a\u00f1os en la lucha contra el c\u00e1ncer; hemos construido el hospital de ni\u00f1os. En este momento, mancomunando esfuerzos entre el Iosper y el Estado creo que vamos a sentir que est\u00e1n cobijados todos los enfermos. Bienvenido esto para beneficio de todos los pacientes y de todas las personas que necesitan saber un diagn\u00f3stico certero&#8221;.<\/p>\n<p>&nbsp;<\/p>\n<p>En el acto estuvieron presentes, adem\u00e1s, el intendente de Oro Verde, Jos\u00e9 Luis Dum\u00e9; el gerente general del Cemener, Valent\u00edn Ugarte; el senador provincial Raymundo Kisser; los diputados Rosario Romero y \u00c1ngel V\u00e1zquez; el fiscal de Estado, Julio Rodr\u00edguez Signes; el decano de la Facultad de Ingenier\u00eda de la UNER, Gerardo Gentiletti; la subdirectora del Instituto Becario, Claudia Gieco; el intendente de Santa Elena, Silvio Moreyra; funcionarios del Poder Ejecutivo; directores de hospitales, representantes de ONGs y del consejo de Administraci\u00f3n del Cemener.<\/p>\n","protected":false},"excerpt":{"rendered":"<p>El gobernador Gustavo Bordet suscribi\u00f3 un acuerdo de colaboraci\u00f3n con la Fundaci\u00f3n Centro de Medicina Nuclear y Molecular de Entre R\u00edos (Cemener), que apunta al acceso a la mejor tecnolog\u00eda de diagn\u00f3stico y m\u00e9dica oncol\u00f3gica de los sectores que no cuentan con obra social &nbsp; &nbsp; &nbsp; &nbsp; El mandatario ratific\u00f3 \u201ceste rumbo que venimos tomando, entendiendo a la salud como la gran inversi\u00f3n para tener una sociedad que est\u00e9 plenamente incluida en todos los estratos sociales. Desde el Estado tambi\u00e9n tenemos que hacer el esfuerzo necesario para el sostenimiento&#8230;<\/p>\n","protected":false},"author":3,"featured_media":14757,"comment_status":"closed","ping_status":"closed","sticky":false,"template":"","format":"standard","meta":[],"categories":[9,15],"tags":[],"_links":{"self":[{"href":"https:\/\/www.actualidadadiario.com\/index.php\/wp-json\/wp\/v2\/posts\/14756"}],"collection":[{"href":"https:\/\/www.actualidadadiario.com\/index.php\/wp-json\/wp\/v2\/posts"}],"about":[{"href":"https:\/\/www.actualidadadiario.com\/index.php\/wp-json\/wp\/v2\/types\/post"}],"author":[{"embeddable":true,"href":"https:\/\/www.actualidadadiario.com\/index.php\/wp-json\/wp\/v2\/users\/3"}],"replies":[{"embeddable":true,"href":"https:\/\/www.actualidadadiario.com\/index.php\/wp-json\/wp\/v2\/comments?post=14756"}],"version-history":[{"count":1,"href":"https:\/\/www.actualidadadiario.com\/index.php\/wp-json\/wp\/v2\/posts\/14756\/revisions"}],"predecessor-version":[{"id":14758,"href":"https:\/\/www.actualidadadiario.com\/index.php\/wp-json\/wp\/v2\/posts\/14756\/revisions\/14758"}],"wp:featuredmedia":[{"embeddable":true,"href":"https:\/\/www.actualidadadiario.com\/index.php\/wp-json\/wp\/v2\/media\/14757"}],"wp:attachment":[{"href":"https:\/\/www.actualidadadiario.com\/index.php\/wp-json\/wp\/v2\/media?parent=14756"}],"wp:term":[{"taxonomy":"category","embeddable":true,"href":"https:\/\/www.actualidadadiario.com\/index.php\/wp-json\/wp\/v2\/categories?post=14756"},{"taxonomy":"post_tag","embeddable":true,"href":"https:\/\/www.actualidadadiario.com\/index.php\/wp-json\/wp\/v2\/tags?post=14756"}],"curies":[{"name":"wp","href":"https:\/\/api.w.org\/{rel}","templated":true}]}}