{"id":14750,"date":"2017-07-26T09:27:29","date_gmt":"2017-07-26T12:27:29","guid":{"rendered":"http:\/\/actualidadadiario.com\/site\/?p=14750"},"modified":"2017-07-26T09:29:35","modified_gmt":"2017-07-26T12:29:35","slug":"bordet-hay-entendimiento-con-el-sector-productivo","status":"publish","type":"post","link":"https:\/\/www.actualidadadiario.com\/index.php\/2017\/07\/26\/bordet-hay-entendimiento-con-el-sector-productivo\/","title":{"rendered":"Bordet: \u201cHay entendimiento con el sector productivo\u201d"},"content":{"rendered":"<p><em><strong>El gobernador de Entre R\u00edos, Gustavo Bordet, visit\u00f3 hoy la 130\u00ba Exposici\u00f3n Rural de Ganader\u00eda, Agricultura e Industria en Buenos Aires, se contact\u00f3 con emprendedores entrerrianos y estuvo en el stand del gobierno en el que se exhibe la potencialidad tur\u00edstica y productiva de la provincia<\/strong><\/em><\/p>\n<p>&nbsp;<\/p>\n<p>&nbsp;<\/p>\n<p>&nbsp;<\/p>\n<p>&#8220;Con el sector productivo hay apertura, entendimiento y di\u00e1logo, hay vocaci\u00f3n de sentarse las partes a encontrar soluciones. Los objetivos son compartidos y tenemos que trabajarlos en conjunto el sector p\u00fablico con el sector privado y poder avanzar hacia esas metas que nos estamos fijando. Hablar significa encontrar el entendimiento desde el Estado en distintos aspectos, como lo son el tributario, caminos rurales, inversi\u00f3n y fomento y desarrollo del empleo en nuestra provincia&#8221;, subray\u00f3 Bordet.<\/p>\n<p>&nbsp;<\/p>\n<p>\u201cEntre R\u00edos es una provincia que hist\u00f3ricamente ha basado su econom\u00eda, su crecimiento y su desarrollo en la agroindustria, y por eso entendemos que es fundamental poder estar aqu\u00ed en esta exposici\u00f3n rural, como demostraci\u00f3n de apoyo a nuestros productores entrerrianos, y tambi\u00e9n para mostrar la provincia como destino tur\u00edstico, ya que esta es la exposici\u00f3n m\u00e1s importante que tiene el pa\u00eds\u201d, dijo el mandatario a la prensa.<\/p>\n<p>&nbsp;<\/p>\n<p>&nbsp;<\/p>\n<p><strong>Presencia de Entre R\u00edos en el mundo<\/strong><\/p>\n<p>Acompa\u00f1ado por el ministro de Turismo, Adri\u00e1n Fuertes, el diputado nacional Lautaro Gervasoni, y el equipo del Ministerio de la Producci\u00f3n, el mandatario destac\u00f3 la nutrida agenda que vienen manteniendo en materia de comercio exterior: &#8220;Junto a las provincias de C\u00f3rdoba y Santa Fe, integrantes de la Regi\u00f3n Centro, participamos de la Feria de Alimentos de Dubai, que es una de las m\u00e1s importantes del mundo, donde llevamos nuestros productos para poder ganar mercados o consolidar los que ya tenemos\u201d.<\/p>\n<p>&nbsp;<\/p>\n<p>\u201cTambi\u00e9n estamos haciendo esto mucho con los pa\u00edses lim\u00edtrofes, para poder llevar exportadores que est\u00e1n inici\u00e1ndose en el comercio internacional, y que necesitan por ah\u00ed del empuje del Estado, y por eso hemos ido a la Feria de Alimentos de San Pablo, en Brasil, estuvimos tambi\u00e9n en Asunci\u00f3n del Paraguay y en Santiago de Chile, as\u00ed como en Colombia, y pr\u00f3ximamente iremos a Uruguay. Entendemos que hay que salir a buscar mercados en el mundo pero no alcanza s\u00f3lo con la voluntad, necesitamos mejorar las condiciones de competitividad de nuestros productos. Por eso estamos trabajando mucho en materia portuaria y de energ\u00eda, para reducir costos.<\/p>\n<p>&nbsp;<\/p>\n<p>&nbsp;<\/p>\n<p><strong>Situaci\u00f3n tributaria<\/strong><\/p>\n<p>Bordet consider\u00f3 que &#8220;hay que avanzar hacia un nuevo r\u00e9gimen de coparticipaci\u00f3n tributaria. Es muy f\u00e1cil enunciarlo, pero es muy complejo llevarlo a la pr\u00e1ctica porque la Constituci\u00f3n reformada en 1994 establece que tengan que estar de acuerdo los 24 distritos y sus legislaturas. Resulta dif\u00edcil, pero se ha avanzado mucho en este a\u00f1o y medio en materia de devoluci\u00f3n de derechos a las provincias, pero tenemos que seguir trabajando para que sea m\u00e1s proporcional, y que podamos encontrar una matriz para que la carga tributaria sea pareja y equitativa y no perjudique la competitividad de nuestros productos.&#8221;<\/p>\n<p>&nbsp;<\/p>\n<p>&nbsp;<\/p>\n<p><strong>Sobre la Feria<\/strong><\/p>\n<p>Entre R\u00edos cuenta con un stand en la Exposici\u00f3n Rural donde se muestran los atractivos tur\u00edsticos y gastron\u00f3micos entrerrianos. El gobernador recorri\u00f3 el lugar, junto al ministro de Turismo, Adri\u00e1n Fuertes, y al diputado nacional Lautaro Gervasoni y visit\u00f3 a los artesanos que se encuentran promocionando sus productos. La Feria se extiende del 19 al 30 de julio en el Predio de la Sociedad Rural en Palermo, Ciudad Aut\u00f3noma de Buenos Aires.<\/p>\n<p>&nbsp;<\/p>\n<p>&nbsp;<\/p>\n<p><strong>Reuni\u00f3n<\/strong><\/p>\n<p>El gobernador tambi\u00e9n se reuni\u00f3 con el presidente de la Sociedad Rural Argentina, Luis Miguel Etchvehere, y directivos de la muestra donde analizaron la realidad productiva del pa\u00eds, y particularmente de Entre R\u00edos.<\/p>\n","protected":false},"excerpt":{"rendered":"<p>El gobernador de Entre R\u00edos, Gustavo Bordet, visit\u00f3 hoy la 130\u00ba Exposici\u00f3n Rural de Ganader\u00eda, Agricultura e Industria en Buenos Aires, se contact\u00f3 con emprendedores entrerrianos y estuvo en el stand del gobierno en el que se exhibe la potencialidad tur\u00edstica y productiva de la provincia &nbsp; &nbsp; &nbsp; &#8220;Con el sector productivo hay apertura, entendimiento y di\u00e1logo, hay vocaci\u00f3n de sentarse las partes a encontrar soluciones. Los objetivos son compartidos y tenemos que trabajarlos en conjunto el sector p\u00fablico con el sector privado y poder avanzar hacia esas metas&#8230;<\/p>\n","protected":false},"author":3,"featured_media":14751,"comment_status":"closed","ping_status":"closed","sticky":false,"template":"","format":"standard","meta":[],"categories":[9],"tags":[],"_links":{"self":[{"href":"https:\/\/www.actualidadadiario.com\/index.php\/wp-json\/wp\/v2\/posts\/14750"}],"collection":[{"href":"https:\/\/www.actualidadadiario.com\/index.php\/wp-json\/wp\/v2\/posts"}],"about":[{"href":"https:\/\/www.actualidadadiario.com\/index.php\/wp-json\/wp\/v2\/types\/post"}],"author":[{"embeddable":true,"href":"https:\/\/www.actualidadadiario.com\/index.php\/wp-json\/wp\/v2\/users\/3"}],"replies":[{"embeddable":true,"href":"https:\/\/www.actualidadadiario.com\/index.php\/wp-json\/wp\/v2\/comments?post=14750"}],"version-history":[{"count":1,"href":"https:\/\/www.actualidadadiario.com\/index.php\/wp-json\/wp\/v2\/posts\/14750\/revisions"}],"predecessor-version":[{"id":14752,"href":"https:\/\/www.actualidadadiario.com\/index.php\/wp-json\/wp\/v2\/posts\/14750\/revisions\/14752"}],"wp:featuredmedia":[{"embeddable":true,"href":"https:\/\/www.actualidadadiario.com\/index.php\/wp-json\/wp\/v2\/media\/14751"}],"wp:attachment":[{"href":"https:\/\/www.actualidadadiario.com\/index.php\/wp-json\/wp\/v2\/media?parent=14750"}],"wp:term":[{"taxonomy":"category","embeddable":true,"href":"https:\/\/www.actualidadadiario.com\/index.php\/wp-json\/wp\/v2\/categories?post=14750"},{"taxonomy":"post_tag","embeddable":true,"href":"https:\/\/www.actualidadadiario.com\/index.php\/wp-json\/wp\/v2\/tags?post=14750"}],"curies":[{"name":"wp","href":"https:\/\/api.w.org\/{rel}","templated":true}]}}