{"id":14747,"date":"2017-07-26T09:26:30","date_gmt":"2017-07-26T12:26:30","guid":{"rendered":"http:\/\/actualidadadiario.com\/site\/?p=14747"},"modified":"2017-07-26T09:26:30","modified_gmt":"2017-07-26T12:26:30","slug":"licitan-equipamiento-para-14-escuelas-de-la-provincia","status":"publish","type":"post","link":"https:\/\/www.actualidadadiario.com\/index.php\/2017\/07\/26\/licitan-equipamiento-para-14-escuelas-de-la-provincia\/","title":{"rendered":"Licitan equipamiento para 14 escuelas de la provincia"},"content":{"rendered":"<p><em><strong>El 4 de agosto se conocer\u00e1n las ofertas para la adquisici\u00f3n de mobiliario escolar para 14 establecimientos educativos de la provincia en el marco del Programa Equipamiento Escolar<\/strong><\/em><\/p>\n<p>&nbsp;<\/p>\n<p>&nbsp;<\/p>\n<p>&nbsp;<\/p>\n<p>Dicho programa es llevado adelante por el gobierno de Entre R\u00edos a trav\u00e9s de la Unidad Ejecutora Provincial (UEP). El presupuesto es de 4.398.576 pesos.<\/p>\n<p>&nbsp;<\/p>\n<p>La apertura de sobres correspondientes al llamado a la licitaci\u00f3n N\u00ba 2\/2017 tendr\u00e1 lugar el 4 de agosto, a las 10, en las oficinas de la UEP, ubicada en calle 9 de Julio 361, de Paran\u00e1.<\/p>\n<p>&nbsp;<\/p>\n<p>Seg\u00fan detall\u00f3 el coordinador general de la UEP, Juan Javier Garc\u00eda, \u201cla licitaci\u00f3n est\u00e1 destinada a satisfacer los objetivos del Programa Equipamiento Escolar y permitir\u00e1 adquirir conjuntos de nivel inicial, de computaci\u00f3n, grupales, unipersonales, bipersonales y de docentes; como as\u00ed tambi\u00e9n armarios, pizarrones de madera y acr\u00edlicos, bibliotecas y muebles para bloques\u201d.<\/p>\n<p>&nbsp;<\/p>\n<p>En este sentido, Garc\u00eda destac\u00f3: \u201cSe trata de un trabajo en conjunto que venimos llevando adelante junto al gobernador Gustavo Bordet y el director general de Infraestructura del Ministerio de Educaci\u00f3n de la Naci\u00f3n, Augusto Ar\u00e1oz. Tambi\u00e9n con el presidente del Consejo General de Educaci\u00f3n, Jos\u00e9 Luis Panozzo, quien se encarga de las priorizaciones de los establecimientos\u201d.<\/p>\n<p>&nbsp;<\/p>\n<p>En esta oportunidad, ser\u00e1n beneficiados establecimientos educativos de Nivel Inicial, Primario y Secundario de los departamentos La Paz, Gualeguaych\u00fa, Villaguay, Uruguay, Feliciano, Victoria, Islas, Federaci\u00f3n y Nogoy\u00e1.<\/p>\n","protected":false},"excerpt":{"rendered":"<p>El 4 de agosto se conocer\u00e1n las ofertas para la adquisici\u00f3n de mobiliario escolar para 14 establecimientos educativos de la provincia en el marco del Programa Equipamiento Escolar &nbsp; &nbsp; &nbsp; Dicho programa es llevado adelante por el gobierno de Entre R\u00edos a trav\u00e9s de la Unidad Ejecutora Provincial (UEP). El presupuesto es de 4.398.576 pesos. &nbsp; La apertura de sobres correspondientes al llamado a la licitaci\u00f3n N\u00ba 2\/2017 tendr\u00e1 lugar el 4 de agosto, a las 10, en las oficinas de la UEP, ubicada en calle 9 de Julio&#8230;<\/p>\n","protected":false},"author":3,"featured_media":14748,"comment_status":"closed","ping_status":"closed","sticky":false,"template":"","format":"standard","meta":[],"categories":[15],"tags":[],"_links":{"self":[{"href":"https:\/\/www.actualidadadiario.com\/index.php\/wp-json\/wp\/v2\/posts\/14747"}],"collection":[{"href":"https:\/\/www.actualidadadiario.com\/index.php\/wp-json\/wp\/v2\/posts"}],"about":[{"href":"https:\/\/www.actualidadadiario.com\/index.php\/wp-json\/wp\/v2\/types\/post"}],"author":[{"embeddable":true,"href":"https:\/\/www.actualidadadiario.com\/index.php\/wp-json\/wp\/v2\/users\/3"}],"replies":[{"embeddable":true,"href":"https:\/\/www.actualidadadiario.com\/index.php\/wp-json\/wp\/v2\/comments?post=14747"}],"version-history":[{"count":1,"href":"https:\/\/www.actualidadadiario.com\/index.php\/wp-json\/wp\/v2\/posts\/14747\/revisions"}],"predecessor-version":[{"id":14749,"href":"https:\/\/www.actualidadadiario.com\/index.php\/wp-json\/wp\/v2\/posts\/14747\/revisions\/14749"}],"wp:featuredmedia":[{"embeddable":true,"href":"https:\/\/www.actualidadadiario.com\/index.php\/wp-json\/wp\/v2\/media\/14748"}],"wp:attachment":[{"href":"https:\/\/www.actualidadadiario.com\/index.php\/wp-json\/wp\/v2\/media?parent=14747"}],"wp:term":[{"taxonomy":"category","embeddable":true,"href":"https:\/\/www.actualidadadiario.com\/index.php\/wp-json\/wp\/v2\/categories?post=14747"},{"taxonomy":"post_tag","embeddable":true,"href":"https:\/\/www.actualidadadiario.com\/index.php\/wp-json\/wp\/v2\/tags?post=14747"}],"curies":[{"name":"wp","href":"https:\/\/api.w.org\/{rel}","templated":true}]}}