{"id":14738,"date":"2017-07-25T10:16:04","date_gmt":"2017-07-25T13:16:04","guid":{"rendered":"http:\/\/actualidadadiario.com\/site\/?p=14738"},"modified":"2017-07-25T10:16:04","modified_gmt":"2017-07-25T13:16:04","slug":"esta-desaparecida-la-presidenta-de-la-asamblea-permanente-contra-la-violencia-de-genero","status":"publish","type":"post","link":"https:\/\/www.actualidadadiario.com\/index.php\/2017\/07\/25\/esta-desaparecida-la-presidenta-de-la-asamblea-permanente-contra-la-violencia-de-genero\/","title":{"rendered":"Est\u00e1 desaparecida la presidenta de la Asamblea Permanente contra la Violencia de G\u00e9nero"},"content":{"rendered":"<p><em><strong>Fernanda Chac\u00f3n fue vista por \u00faltima vez el viernes pasado subiendo a un colectivo. Desde ese momento, nadie tuvo noticias de ella y crece la preocupaci\u00f3n<\/strong><\/em><\/p>\n<p>&nbsp;<\/p>\n<p>&nbsp;<\/p>\n<p>&nbsp;<\/p>\n<p>Amigos y familiares de Fernanda Chac\u00f3n, Presidenta de la Asamblea Permanente Contra la Violencia de G\u00e9nero, lanzaron una b\u00fasqueda, ya que fue vista por \u00faltima vez el viernes 21 de julio pasado subiendo a un colectivo de la L\u00ednea 146, alrededor de las 14 en la Capital Federal.<\/p>\n<p>&nbsp;<\/p>\n<p>Desde ese momento se encuentra desaparecida, raz\u00f3n por la cual se difundi\u00f3 el pedido de ayuda a trav\u00e9s de las redes sociales, intentando obtener datos sobre su paradero o sus \u00faltimos movimientos.<\/p>\n<p>&nbsp;<\/p>\n<p>La reconocida activista estaba acompa\u00f1ando en la b\u00fasqueda de justicia a la familia de Araceli Fulles, la joven de 22 a\u00f1os que desapareci\u00f3 el 2 de abril pasado y fue encontrada muerta a finales de ese mes, debajo de unos escombros en una casa de Jos\u00e9 Le\u00f3n Su\u00e1rez.<\/p>\n<p>&nbsp;<\/p>\n<p>Chac\u00f3n tambi\u00e9n fue v\u00edctima de la violencia de g\u00e9nero. Public\u00f3 en 2015 en su muro de Facebook un comunicado en el cual asegur\u00f3 que su ex pareja no hab\u00eda recibido una sentencia acorde a las golpizas que le hab\u00eda propinado.<\/p>\n<p>&nbsp;<\/p>\n<p>En aquel momento, el ex novio hab\u00eda enfrentado un juicio por tres hechos de &#8220;lesiones leves agravadas por el v\u00ednculo&#8221; y recibi\u00f3 una condena por nueve delitos. En 2016, Chac\u00f3n solicit\u00f3 al juez que se abstuviera de otorgar un beneficio de salidas transitorias a su agresor.<\/p>\n<p>&nbsp;<\/p>\n<p>Quienes puedan aportar informaci\u00f3n deben llamar a 1134099045 (Daniela) y 1130171555 (Carolina).<\/p>\n","protected":false},"excerpt":{"rendered":"<p>Fernanda Chac\u00f3n fue vista por \u00faltima vez el viernes pasado subiendo a un colectivo. Desde ese momento, nadie tuvo noticias de ella y crece la preocupaci\u00f3n &nbsp; &nbsp; &nbsp; Amigos y familiares de Fernanda Chac\u00f3n, Presidenta de la Asamblea Permanente Contra la Violencia de G\u00e9nero, lanzaron una b\u00fasqueda, ya que fue vista por \u00faltima vez el viernes 21 de julio pasado subiendo a un colectivo de la L\u00ednea 146, alrededor de las 14 en la Capital Federal. &nbsp; Desde ese momento se encuentra desaparecida, raz\u00f3n por la cual se difundi\u00f3&#8230;<\/p>\n","protected":false},"author":3,"featured_media":14739,"comment_status":"closed","ping_status":"closed","sticky":false,"template":"","format":"standard","meta":[],"categories":[4],"tags":[],"_links":{"self":[{"href":"https:\/\/www.actualidadadiario.com\/index.php\/wp-json\/wp\/v2\/posts\/14738"}],"collection":[{"href":"https:\/\/www.actualidadadiario.com\/index.php\/wp-json\/wp\/v2\/posts"}],"about":[{"href":"https:\/\/www.actualidadadiario.com\/index.php\/wp-json\/wp\/v2\/types\/post"}],"author":[{"embeddable":true,"href":"https:\/\/www.actualidadadiario.com\/index.php\/wp-json\/wp\/v2\/users\/3"}],"replies":[{"embeddable":true,"href":"https:\/\/www.actualidadadiario.com\/index.php\/wp-json\/wp\/v2\/comments?post=14738"}],"version-history":[{"count":1,"href":"https:\/\/www.actualidadadiario.com\/index.php\/wp-json\/wp\/v2\/posts\/14738\/revisions"}],"predecessor-version":[{"id":14740,"href":"https:\/\/www.actualidadadiario.com\/index.php\/wp-json\/wp\/v2\/posts\/14738\/revisions\/14740"}],"wp:featuredmedia":[{"embeddable":true,"href":"https:\/\/www.actualidadadiario.com\/index.php\/wp-json\/wp\/v2\/media\/14739"}],"wp:attachment":[{"href":"https:\/\/www.actualidadadiario.com\/index.php\/wp-json\/wp\/v2\/media?parent=14738"}],"wp:term":[{"taxonomy":"category","embeddable":true,"href":"https:\/\/www.actualidadadiario.com\/index.php\/wp-json\/wp\/v2\/categories?post=14738"},{"taxonomy":"post_tag","embeddable":true,"href":"https:\/\/www.actualidadadiario.com\/index.php\/wp-json\/wp\/v2\/tags?post=14738"}],"curies":[{"name":"wp","href":"https:\/\/api.w.org\/{rel}","templated":true}]}}