{"id":14726,"date":"2017-07-25T10:13:09","date_gmt":"2017-07-25T13:13:09","guid":{"rendered":"http:\/\/actualidadadiario.com\/site\/?p=14726"},"modified":"2017-07-25T10:13:09","modified_gmt":"2017-07-25T13:13:09","slug":"lucia-galan-no-cree-en-la-auh","status":"publish","type":"post","link":"https:\/\/www.actualidadadiario.com\/index.php\/2017\/07\/25\/lucia-galan-no-cree-en-la-auh\/","title":{"rendered":"Luc\u00eda Gal\u00e1n no cree en la AUH"},"content":{"rendered":"<p><em><strong>La cantante del d\u00fao Pimpinela denunci\u00f3 que \u201chay mujeres que quedan embarazadas para cobrar la pensi\u00f3n\u201d, cosa que no solo desmiente Unicef sino tambi\u00e9n la propia Anses<\/strong><\/em><\/p>\n<p>&nbsp;<\/p>\n<p>&nbsp;<\/p>\n<p>&nbsp;<\/p>\n<p>&nbsp;<\/p>\n<p>La cantante de Pimpinela dijo en Canal 13 que \u201chay mujeres que quedan embarazadas para cobrar la Asignaci\u00f3n Universal por Hijo (AUH)\u201d y multiplic\u00f3 la pol\u00e9mica en las redes sociales.<\/p>\n<p>&nbsp;<\/p>\n<p>Gal\u00e1n hizo la afirmaci\u00f3n durante una entrevista que gir\u00f3 en torno de su participaci\u00f3n en el Bailando 2017, su carrera profesional, los Pimpinela y el hogar para ni\u00f1os que comparte con su hermano, donde una mujer dijo &#8220;ahora estoy esperando que mi hija crezca para cobrar la AUH, para que entre m\u00e1s plata a casa\u201d. Acto seguido aclar\u00f3 que \u201cno me estoy poniendo en contra de la asignaci\u00f3n pero hay muchos padres que no la vuelcan en sus hijos\u201d.<\/p>\n<p>&nbsp;<\/p>\n<p>Los dichos de Gal\u00e1n, sin embargo, son estad\u00edsticamente falsos. As\u00ed lo determin\u00f3 un estudio elaborado por Unicef y la Facultad de Ciencias Econ\u00f3micas de la UBA, entre otros organismos, e impulsado por la propia Anses, que concluy\u00f3 que las familias beneficiarias de la AUH tienen en promedio dos hijos.<\/p>\n<p>&nbsp;<\/p>\n<p>Adem\u00e1s, el estudio de Unicef derriba otro mito \u2013tambi\u00e9n muy difundido- acerca del supuesto desaliento que provocan las asignaciones en la b\u00fasqueda de trabajo. El an\u00e1lisis en cuesti\u00f3n se\u00f1al\u00f3 que \u201cno existe un impacto negativo de la AUH que sea estad\u00edsticamente significativo sobre las decisiones de participaci\u00f3n econ\u00f3mica y en la tasa de empleo de los hogares&#8221;. &#8220;De este modo, no es posible concluir que el programa haya generado desincentivos al trabajo&#8221;, concluye.<\/p>\n","protected":false},"excerpt":{"rendered":"<p>La cantante del d\u00fao Pimpinela denunci\u00f3 que \u201chay mujeres que quedan embarazadas para cobrar la pensi\u00f3n\u201d, cosa que no solo desmiente Unicef sino tambi\u00e9n la propia Anses &nbsp; &nbsp; &nbsp; &nbsp; La cantante de Pimpinela dijo en Canal 13 que \u201chay mujeres que quedan embarazadas para cobrar la Asignaci\u00f3n Universal por Hijo (AUH)\u201d y multiplic\u00f3 la pol\u00e9mica en las redes sociales. &nbsp; Gal\u00e1n hizo la afirmaci\u00f3n durante una entrevista que gir\u00f3 en torno de su participaci\u00f3n en el Bailando 2017, su carrera profesional, los Pimpinela y el hogar para ni\u00f1os&#8230;<\/p>\n","protected":false},"author":3,"featured_media":14727,"comment_status":"closed","ping_status":"closed","sticky":false,"template":"","format":"standard","meta":[],"categories":[4],"tags":[],"_links":{"self":[{"href":"https:\/\/www.actualidadadiario.com\/index.php\/wp-json\/wp\/v2\/posts\/14726"}],"collection":[{"href":"https:\/\/www.actualidadadiario.com\/index.php\/wp-json\/wp\/v2\/posts"}],"about":[{"href":"https:\/\/www.actualidadadiario.com\/index.php\/wp-json\/wp\/v2\/types\/post"}],"author":[{"embeddable":true,"href":"https:\/\/www.actualidadadiario.com\/index.php\/wp-json\/wp\/v2\/users\/3"}],"replies":[{"embeddable":true,"href":"https:\/\/www.actualidadadiario.com\/index.php\/wp-json\/wp\/v2\/comments?post=14726"}],"version-history":[{"count":1,"href":"https:\/\/www.actualidadadiario.com\/index.php\/wp-json\/wp\/v2\/posts\/14726\/revisions"}],"predecessor-version":[{"id":14728,"href":"https:\/\/www.actualidadadiario.com\/index.php\/wp-json\/wp\/v2\/posts\/14726\/revisions\/14728"}],"wp:featuredmedia":[{"embeddable":true,"href":"https:\/\/www.actualidadadiario.com\/index.php\/wp-json\/wp\/v2\/media\/14727"}],"wp:attachment":[{"href":"https:\/\/www.actualidadadiario.com\/index.php\/wp-json\/wp\/v2\/media?parent=14726"}],"wp:term":[{"taxonomy":"category","embeddable":true,"href":"https:\/\/www.actualidadadiario.com\/index.php\/wp-json\/wp\/v2\/categories?post=14726"},{"taxonomy":"post_tag","embeddable":true,"href":"https:\/\/www.actualidadadiario.com\/index.php\/wp-json\/wp\/v2\/tags?post=14726"}],"curies":[{"name":"wp","href":"https:\/\/api.w.org\/{rel}","templated":true}]}}