{"id":14723,"date":"2017-07-25T10:12:17","date_gmt":"2017-07-25T13:12:17","guid":{"rendered":"http:\/\/actualidadadiario.com\/site\/?p=14723"},"modified":"2017-07-25T10:12:17","modified_gmt":"2017-07-25T13:12:17","slug":"michetti-quiere-que-los-mandatos-presidenciales-vuelvan-a-los-seis-anos","status":"publish","type":"post","link":"https:\/\/www.actualidadadiario.com\/index.php\/2017\/07\/25\/michetti-quiere-que-los-mandatos-presidenciales-vuelvan-a-los-seis-anos\/","title":{"rendered":"Michetti quiere que los mandatos presidenciales vuelvan a los seis a\u00f1os"},"content":{"rendered":"<p><em><strong>Luego de poner en duda el procedimiento de las PASO para seleccionar los candidatos de los partidos pol\u00edticos, ahora la vicepresidenta consider\u00f3 que hay que volver a extender los mandatos presidenciales. Lo que busca el Gobierno es modificar las reglas para quedarse m\u00e1s tiempo en el Gobierno<\/strong><\/em><\/p>\n<p>&nbsp;<\/p>\n<p>&nbsp;<\/p>\n<p>&nbsp;<\/p>\n<p>Pese a todav\u00eda siguen poniendo en cuesti\u00f3n el procedimiento de las Primarias, a pocas semanas de realizarlas, el Gobierno volvi\u00f3 a insistir en modificar las condiciones de elecci\u00f3n y los mandatos.<\/p>\n<p>&nbsp;<\/p>\n<p>La que insisti\u00f3 en el tema fue nada menos que la vicepresidenta de la Naci\u00f3n, Gabriela Michetti, que afirm\u00f3 que \u201cuna posibilidad es pensar un gobierno de seis a\u00f1os, con elecciones en tres. Es un intermedio que no estar\u00eda mal\u201d.<\/p>\n<p>&nbsp;<\/p>\n<p>Es que sabe el macrismo que tendr\u00e1 que enfrentar una elecci\u00f3n de la que es una gran posibilidad que salga herido en su legitimidad.<\/p>\n<p>&nbsp;<\/p>\n<p>Lo que demuestra el oficialismo es que est\u00e1 dispuesto a todo para lograr quedarse en la Casa Rosada, incluso a modificar las reglas por las que llegaron al Gobierno. Como para tratar de poner pa\u00f1os fr\u00edos, Michetti trat\u00f3 de aclarar que ser\u00eda para el Gobierno que \u201cviniera despu\u00e9s\u201d.<\/p>\n","protected":false},"excerpt":{"rendered":"<p>Luego de poner en duda el procedimiento de las PASO para seleccionar los candidatos de los partidos pol\u00edticos, ahora la vicepresidenta consider\u00f3 que hay que volver a extender los mandatos presidenciales. Lo que busca el Gobierno es modificar las reglas para quedarse m\u00e1s tiempo en el Gobierno &nbsp; &nbsp; &nbsp; Pese a todav\u00eda siguen poniendo en cuesti\u00f3n el procedimiento de las Primarias, a pocas semanas de realizarlas, el Gobierno volvi\u00f3 a insistir en modificar las condiciones de elecci\u00f3n y los mandatos. &nbsp; La que insisti\u00f3 en el tema fue nada&#8230;<\/p>\n","protected":false},"author":3,"featured_media":14724,"comment_status":"closed","ping_status":"closed","sticky":false,"template":"","format":"standard","meta":[],"categories":[18],"tags":[],"_links":{"self":[{"href":"https:\/\/www.actualidadadiario.com\/index.php\/wp-json\/wp\/v2\/posts\/14723"}],"collection":[{"href":"https:\/\/www.actualidadadiario.com\/index.php\/wp-json\/wp\/v2\/posts"}],"about":[{"href":"https:\/\/www.actualidadadiario.com\/index.php\/wp-json\/wp\/v2\/types\/post"}],"author":[{"embeddable":true,"href":"https:\/\/www.actualidadadiario.com\/index.php\/wp-json\/wp\/v2\/users\/3"}],"replies":[{"embeddable":true,"href":"https:\/\/www.actualidadadiario.com\/index.php\/wp-json\/wp\/v2\/comments?post=14723"}],"version-history":[{"count":1,"href":"https:\/\/www.actualidadadiario.com\/index.php\/wp-json\/wp\/v2\/posts\/14723\/revisions"}],"predecessor-version":[{"id":14725,"href":"https:\/\/www.actualidadadiario.com\/index.php\/wp-json\/wp\/v2\/posts\/14723\/revisions\/14725"}],"wp:featuredmedia":[{"embeddable":true,"href":"https:\/\/www.actualidadadiario.com\/index.php\/wp-json\/wp\/v2\/media\/14724"}],"wp:attachment":[{"href":"https:\/\/www.actualidadadiario.com\/index.php\/wp-json\/wp\/v2\/media?parent=14723"}],"wp:term":[{"taxonomy":"category","embeddable":true,"href":"https:\/\/www.actualidadadiario.com\/index.php\/wp-json\/wp\/v2\/categories?post=14723"},{"taxonomy":"post_tag","embeddable":true,"href":"https:\/\/www.actualidadadiario.com\/index.php\/wp-json\/wp\/v2\/tags?post=14723"}],"curies":[{"name":"wp","href":"https:\/\/api.w.org\/{rel}","templated":true}]}}