{"id":14721,"date":"2017-07-25T10:11:31","date_gmt":"2017-07-25T13:11:31","guid":{"rendered":"http:\/\/actualidadadiario.com\/site\/?p=14721"},"modified":"2017-07-25T10:11:31","modified_gmt":"2017-07-25T13:11:31","slug":"el-oficialismo-no-consigue-los-votos-para-expulsar-a-julio-de-vido","status":"publish","type":"post","link":"https:\/\/www.actualidadadiario.com\/index.php\/2017\/07\/25\/el-oficialismo-no-consigue-los-votos-para-expulsar-a-julio-de-vido\/","title":{"rendered":"El oficialismo no consigue los votos para expulsar a Julio De Vido"},"content":{"rendered":"<p><em><strong>El legislador de Cambiemos y presidente de la comisi\u00f3n de Asuntos Constitucionales, Pablo Tonelli, quiere a trav\u00e9s de la votaci\u00f3n para el pedido de remoci\u00f3n del ex ministro de Planificaci\u00f3n Federal de la C\u00e1mara de Diputados se muestre quienes &#8220;apoyan la corrupci\u00f3n&#8221;, cuando en realidad el oficialismo no estar\u00eda consiguiendo los n\u00fameros suficientes<\/strong><\/em><\/p>\n<p>&nbsp;<\/p>\n<p>&nbsp;<\/p>\n<p>&nbsp;<\/p>\n<p>&nbsp;<\/p>\n<p>Pablo Tonelli, insisti\u00f3 este lunes que la discusi\u00f3n en la C\u00e1mara de Diputados del pedido de expulsi\u00f3n del ex ministro de Planificaci\u00f3n Federal Julio De Vido pondr\u00e1 en evidencia &#8220;quienes defienden la corrupci\u00f3n&#8221; y &#8220;quienes la condenan&#8221;, m\u00e1s all\u00e1 &#8220;del resultado&#8221; que se consiga en la votaci\u00f3n, que hasta el momento no estar\u00edan reuniendo los dos tercios de los votos de los presentes en el recinto de la C\u00e1mara Baja.<\/p>\n<p>&nbsp;<\/p>\n<p>&#8220;Es importante que la gente sepa quienes defienden a De Vido y lo que implica, y quienes condenan la corrupci\u00f3n&#8221;, dijo el diputado Tonelli a T\u00e9lam al ser consultado sobre la votaci\u00f3n que tendr\u00e1 lugar el mi\u00e9rcoles en el recinto para avanzar, o no, en la expulsi\u00f3n del actual diputado y ex ministro.<\/p>\n<p>&nbsp;<\/p>\n<p>&#8220;La verdad es que no s\u00e9 si vamos a tener o no los dos tercios de los presentes que se requieren&#8221;, afirm\u00f3 Tonelli, consciente de la dificultad que tiene Cambiemos de alcanzar la mayor\u00eda calificada para avanzar en la expulsi\u00f3n de De Vido de la C\u00e1mara Baja por &#8220;inhabilidad moral&#8221;.<\/p>\n<p>&nbsp;<\/p>\n<p>El proceso comenzar\u00e1 el martes a partir de las 12 cuando la comisi\u00f3n de Asuntos Constitucionales pase a la firma el proyecto que plantea la expulsi\u00f3n, para lo que contar\u00eda con las firmas necesarias, a partir del acuerdo que realiz\u00f3 el oficialismo con el massismo.<\/p>\n<p>&nbsp;<\/p>\n<p>El mi\u00e9rcoles, luego de obtener el dictamen, est\u00e1 previsto que la expulsi\u00f3n de De Vido sea sometida al pleno de la c\u00e1mara en una sesi\u00f3n especial que requerir\u00e1 reunir dos tercios de los presentes (172 de 257 del total del cuerpo).<\/p>\n<p>&nbsp;<\/p>\n<p>Tonelli asumi\u00f3 que para obtener la mayor\u00eda calificada se requerir\u00e1 de &#8220;muchos votos&#8221;, cuando parten de la base de que el Frente para la Victoria (FpV) &#8220;votar\u00e1 en contra&#8221;.<\/p>\n","protected":false},"excerpt":{"rendered":"<p>El legislador de Cambiemos y presidente de la comisi\u00f3n de Asuntos Constitucionales, Pablo Tonelli, quiere a trav\u00e9s de la votaci\u00f3n para el pedido de remoci\u00f3n del ex ministro de Planificaci\u00f3n Federal de la C\u00e1mara de Diputados se muestre quienes &#8220;apoyan la corrupci\u00f3n&#8221;, cuando en realidad el oficialismo no estar\u00eda consiguiendo los n\u00fameros suficientes &nbsp; &nbsp; &nbsp; &nbsp; Pablo Tonelli, insisti\u00f3 este lunes que la discusi\u00f3n en la C\u00e1mara de Diputados del pedido de expulsi\u00f3n del ex ministro de Planificaci\u00f3n Federal Julio De Vido pondr\u00e1 en evidencia &#8220;quienes defienden la corrupci\u00f3n&#8221;&#8230;<\/p>\n","protected":false},"author":3,"featured_media":14482,"comment_status":"closed","ping_status":"closed","sticky":false,"template":"","format":"standard","meta":[],"categories":[9,18],"tags":[],"_links":{"self":[{"href":"https:\/\/www.actualidadadiario.com\/index.php\/wp-json\/wp\/v2\/posts\/14721"}],"collection":[{"href":"https:\/\/www.actualidadadiario.com\/index.php\/wp-json\/wp\/v2\/posts"}],"about":[{"href":"https:\/\/www.actualidadadiario.com\/index.php\/wp-json\/wp\/v2\/types\/post"}],"author":[{"embeddable":true,"href":"https:\/\/www.actualidadadiario.com\/index.php\/wp-json\/wp\/v2\/users\/3"}],"replies":[{"embeddable":true,"href":"https:\/\/www.actualidadadiario.com\/index.php\/wp-json\/wp\/v2\/comments?post=14721"}],"version-history":[{"count":1,"href":"https:\/\/www.actualidadadiario.com\/index.php\/wp-json\/wp\/v2\/posts\/14721\/revisions"}],"predecessor-version":[{"id":14722,"href":"https:\/\/www.actualidadadiario.com\/index.php\/wp-json\/wp\/v2\/posts\/14721\/revisions\/14722"}],"wp:featuredmedia":[{"embeddable":true,"href":"https:\/\/www.actualidadadiario.com\/index.php\/wp-json\/wp\/v2\/media\/14482"}],"wp:attachment":[{"href":"https:\/\/www.actualidadadiario.com\/index.php\/wp-json\/wp\/v2\/media?parent=14721"}],"wp:term":[{"taxonomy":"category","embeddable":true,"href":"https:\/\/www.actualidadadiario.com\/index.php\/wp-json\/wp\/v2\/categories?post=14721"},{"taxonomy":"post_tag","embeddable":true,"href":"https:\/\/www.actualidadadiario.com\/index.php\/wp-json\/wp\/v2\/tags?post=14721"}],"curies":[{"name":"wp","href":"https:\/\/api.w.org\/{rel}","templated":true}]}}