{"id":14718,"date":"2017-07-25T10:10:43","date_gmt":"2017-07-25T13:10:43","guid":{"rendered":"http:\/\/actualidadadiario.com\/site\/?p=14718"},"modified":"2017-07-25T10:10:43","modified_gmt":"2017-07-25T13:10:43","slug":"macri-no-quiere-que-un-abogado-de-abuelas-de-plaza-de-mayo-sea-fiscal","status":"publish","type":"post","link":"https:\/\/www.actualidadadiario.com\/index.php\/2017\/07\/25\/macri-no-quiere-que-un-abogado-de-abuelas-de-plaza-de-mayo-sea-fiscal\/","title":{"rendered":"Macri no quiere que un abogado de Abuelas de Plaza de Mayo sea fiscal"},"content":{"rendered":"<p><em><strong>Alan Iud hace a\u00f1os trabaja junto al organismo de derechos humanos. En 2014 gan\u00f3 un concurso p\u00fablico para ser fiscal. Estaba por ser votado en Senadores pero el Poder Ejecutivo \u201cretir\u00f3\u201d su pliego<\/strong><\/em><\/p>\n<p>&nbsp;<\/p>\n<p>&nbsp;<\/p>\n<p>&nbsp;<\/p>\n<p>El Gobierno nacional pidi\u00f3 al Senado el retiro del pliego como aspirante a fiscal de la Procuraci\u00f3n General de la Naci\u00f3n de Alan Iud, el abogado de 36 a\u00f1os que es reconocido por ser uno de los letrados que asesoran a Abuelas de Plaza de Mayo.<\/p>\n<p>&nbsp;<\/p>\n<p>Estela de Carlotto, titular del organismo de derechos humanos, inmediatamente reaccion\u00f3 manifestando que \u201ces un acto discriminatorio\u201d, identificando el pedido oficial con un ataque directo a la instituci\u00f3n.<\/p>\n<p>&nbsp;<\/p>\n<p>El abogado hab\u00eda ganado en 2014 un concurso p\u00fablico que deb\u00eda ser refrendado en breve por la comisi\u00f3n de Acuerdos del Senado, presidida por el peronista Rodolfo Urtubey. Precisamente fue Urtubey quien manifest\u00f3 al diario P\u00e1gina\/12 que \u201cno hubo objeciones sobre la idoneidad del candidato\u201d, dando a entender que el pedido del Gobierno tendr\u00eda otras motivaciones.<\/p>\n<p>&nbsp;<\/p>\n<p>Fueron los propios presidente Mauricio Macri y su ministro de Justicia y Derechos Humanos Germ\u00e1n Garavano quienes enviaron una nota al Senado, el 17 de julio, donde solicitaban que se retira a Iud del listado de aspirantes a fiscales de la Procuraci\u00f3n.<\/p>\n<p>&nbsp;<\/p>\n<p>El pliego del abogado de Abuelas \u201cfue y vino\u201d varias veces. Concurs\u00f3 en 2014, donde qued\u00f3 quinto en la lista (se concursaban justamente cinco cargos) y su pliego fue enviado al Senado por el gobierno de entonces. Pero apenas asumi\u00f3, en diciembre de 2015, Mauricio Macri lo retir\u00f3. En octubre de 2016 el mismo Macri lo volvi\u00f3 a enviar a la C\u00e1mara Alta e incluso el pliego super\u00f3 las trabas que pretend\u00eda ponerle una medida cautelar (revocada por la C\u00e1mara en lo Contencioso Administrativo Federal). Y ahora, cuando estaba a punto de ser votado en el Senado, el Gobierno vuelve a retirarlo.<\/p>\n<p>&nbsp;<\/p>\n<p>Carlotto dijo a P\u00e1gina\/12 que no puede \u201cpensar bien de un gobierno que discrimina y de un parlamento que apoya esa discriminaci\u00f3n. Es muy desagradable\u201d.<\/p>\n<p>&nbsp;<\/p>\n<p>Respecto a Iud, la titular de Abuelas dijo que \u201ces una persona de alta capacidad y la capacidad y la honestidad tendr\u00e1n que estar por encima de cualquier diferencia. Est\u00e1 pasando con muchas personas, si no sos de determinado partido pol\u00edtico te echan o no te dan empleo. Alan Iud rindi\u00f3 todo de manera satisfactoria y tiene una importante trayectoria de trabajo con las Abuelas de Plaza de Mayo. Pero pareciera que llev\u00f3 adelante juicios que afectaron a ciertos sectores\u201d, destac\u00f3.<\/p>\n","protected":false},"excerpt":{"rendered":"<p>Alan Iud hace a\u00f1os trabaja junto al organismo de derechos humanos. En 2014 gan\u00f3 un concurso p\u00fablico para ser fiscal. Estaba por ser votado en Senadores pero el Poder Ejecutivo \u201cretir\u00f3\u201d su pliego &nbsp; &nbsp; &nbsp; El Gobierno nacional pidi\u00f3 al Senado el retiro del pliego como aspirante a fiscal de la Procuraci\u00f3n General de la Naci\u00f3n de Alan Iud, el abogado de 36 a\u00f1os que es reconocido por ser uno de los letrados que asesoran a Abuelas de Plaza de Mayo. &nbsp; Estela de Carlotto, titular del organismo de&#8230;<\/p>\n","protected":false},"author":3,"featured_media":14719,"comment_status":"closed","ping_status":"closed","sticky":false,"template":"","format":"standard","meta":[],"categories":[18],"tags":[],"_links":{"self":[{"href":"https:\/\/www.actualidadadiario.com\/index.php\/wp-json\/wp\/v2\/posts\/14718"}],"collection":[{"href":"https:\/\/www.actualidadadiario.com\/index.php\/wp-json\/wp\/v2\/posts"}],"about":[{"href":"https:\/\/www.actualidadadiario.com\/index.php\/wp-json\/wp\/v2\/types\/post"}],"author":[{"embeddable":true,"href":"https:\/\/www.actualidadadiario.com\/index.php\/wp-json\/wp\/v2\/users\/3"}],"replies":[{"embeddable":true,"href":"https:\/\/www.actualidadadiario.com\/index.php\/wp-json\/wp\/v2\/comments?post=14718"}],"version-history":[{"count":1,"href":"https:\/\/www.actualidadadiario.com\/index.php\/wp-json\/wp\/v2\/posts\/14718\/revisions"}],"predecessor-version":[{"id":14720,"href":"https:\/\/www.actualidadadiario.com\/index.php\/wp-json\/wp\/v2\/posts\/14718\/revisions\/14720"}],"wp:featuredmedia":[{"embeddable":true,"href":"https:\/\/www.actualidadadiario.com\/index.php\/wp-json\/wp\/v2\/media\/14719"}],"wp:attachment":[{"href":"https:\/\/www.actualidadadiario.com\/index.php\/wp-json\/wp\/v2\/media?parent=14718"}],"wp:term":[{"taxonomy":"category","embeddable":true,"href":"https:\/\/www.actualidadadiario.com\/index.php\/wp-json\/wp\/v2\/categories?post=14718"},{"taxonomy":"post_tag","embeddable":true,"href":"https:\/\/www.actualidadadiario.com\/index.php\/wp-json\/wp\/v2\/tags?post=14718"}],"curies":[{"name":"wp","href":"https:\/\/api.w.org\/{rel}","templated":true}]}}