{"id":14709,"date":"2017-07-25T10:08:35","date_gmt":"2017-07-25T13:08:35","guid":{"rendered":"http:\/\/actualidadadiario.com\/site\/?p=14709"},"modified":"2017-07-25T10:08:35","modified_gmt":"2017-07-25T13:08:35","slug":"comenzo-la-profundizacion-del-vaciamiento-en-fabricaciones-militares","status":"publish","type":"post","link":"https:\/\/www.actualidadadiario.com\/index.php\/2017\/07\/25\/comenzo-la-profundizacion-del-vaciamiento-en-fabricaciones-militares\/","title":{"rendered":"Comenz\u00f3 la profundizaci\u00f3n del vaciamiento en Fabricaciones Militares"},"content":{"rendered":"<p><em><strong>Tras la llegada de Aguad a Defensa, el sindicato ATE reclama pol\u00edticas de impulso a la industria nacional. Desconfianza en el nuevo ministro, que viene de destruir Comunicaci\u00f3n<\/strong><\/em><\/p>\n<p>&nbsp;<\/p>\n<p>&nbsp;<\/p>\n<p>&nbsp;<\/p>\n<p>Despu\u00e9s de haber cumplido con la misi\u00f3n de restablecer el orden habitual para el \u201cperiodismo\u201d dominante y garantizar los negocios de los c\u00e1rteles de medios, Oscar Aguad sali\u00f3 del Ministerio de Comunicaciones como si hubiera dejado una bomba en su interior que pulveriz\u00f3 la cartera mientras \u201cel milico\u201d se mudaba a Defensa, un sector que le calza mucho mejor a su apodo, ganado por su amistad con represores de la dictadura y los m\u00e1s agrios representantes del ej\u00e9rcito.<\/p>\n<p>&nbsp;<\/p>\n<p>Las perspectivas para el gobierno nacional sobre su flamante gesti\u00f3n deben ser muy altas, ya que haciendo gala de una ignorancia supina en materia de comunicaci\u00f3n, logr\u00f3 cumplir todas las \u00f3rdenes del presidente y del Grupo Clar\u00edn, incluyendo la fusi\u00f3n entre Telecom y Cablevisi\u00f3n, y la participaci\u00f3n necesaria en la condonaci\u00f3n de la deuda del Correo Argentino a la familia Macri.<\/p>\n<p>&nbsp;<\/p>\n<p>&nbsp;<\/p>\n<p><strong>Defensa<\/strong><\/p>\n<p>El radical Julio Mart\u00ednez, que dej\u00f3 el Ministerio de Defensa para candidatearse por Cambiemos en las PASO, abandon\u00f3 una escandalosa gesti\u00f3n, con picos de popularidad marcados por la denuncia de la enorme compra de armamento a Estados Unidos, pero adem\u00e1s con reclamos silenciados sobre vaciamiento sostenido en las 5 plantas de Fabricaciones Militares.<\/p>\n<p>&nbsp;<\/p>\n<p>Luego de anunciar a los gremios que s\u00f3lo se dedicar\u00edan a producir material bal\u00edstico, se confirmaron los cierres del Proyecto Vagones; la suspensi\u00f3n de la continuidad del convenio con INVAP para la fabricaci\u00f3n de radares; la suspensi\u00f3n de la continuidad de convenio con YCRT para la fabricaci\u00f3n de arcos para galer\u00edas y tubos de aireaci\u00f3n para la ventilaci\u00f3n; la no renovaci\u00f3n del convenio con Yamana Gold-MASA para la provisi\u00f3n de servicios de voladura en la mina Gualcamayo (San Juan).<\/p>\n<p>&nbsp;<\/p>\n<p>Se estima que sin el sost\u00e9n de esos contratos se discontin\u00fae el resto de las plantas de explosivos, y se garantice s\u00f3lo la m\u00ednima producci\u00f3n de p\u00f3lvoras para actividad privada y para las Fuerzas Armadas. La gran mayor\u00eda de los proyectos conjuntos con el Instituto de Investigaciones Cient\u00edficas y T\u00e9cnicas para la Defensa (CITEDEF) han sido parados o discontinuados.<\/p>\n<p>&nbsp;<\/p>\n<p>En concreto, se trata de una inminente ca\u00edda de facturaci\u00f3n de $515 millones de pesos, con una p\u00e9rdida de cerca de 700 puestos de trabajo, sin contar el personal de apoyo y de administraci\u00f3n, con lo que se estar\u00eda llegando a m\u00e1s de 800 empleados menos.<\/p>\n<p>&nbsp;<\/p>\n<p>&nbsp;<\/p>\n<p><strong>Fabricaciones<\/strong><\/p>\n<p>La Direcci\u00f3n General de la Empresa Estatal FM signific\u00f3 hist\u00f3ricamente el rumbo de la industria nacional en cuanto a desarrollo industrial, sider\u00fargico, petroqu\u00edmico, minero y de explotaci\u00f3n en todo el territorio.<\/p>\n<p>&nbsp;<\/p>\n<p>Contando en su mejor momento con 14.500 trabajadores, divididos en 17 f\u00e1bricas y establecimientos, adem\u00e1s de la sede central, conformaba gran parte de las \u00e1reas m\u00e1s importantes del pa\u00eds en metal\u00fargica, mec\u00e1nica, qu\u00edmica y extractiva minera, contado adem\u00e1s con participaci\u00f3n accionaria en relevantes sociedades mixtas.<\/p>\n<p>&nbsp;<\/p>\n<p>La DGFM estaba conformada como un organismo aut\u00e1rquico, por fuera del Tesoro Nacional, y hasta el a\u00f1o 1980 gozaba de una privilegiada posici\u00f3n. A partir de all\u00ed, los acontecimientos pol\u00edticos y econ\u00f3micos de nuestro pa\u00eds degradaron el rumbo de esta direcci\u00f3n y de sus trabajadores. Es as\u00ed como lleg\u00f3 el a\u00f1o 2000, tras dos d\u00e9cadas de pol\u00edticas neoliberales con un tinte fuertemente privatista que afect\u00f3 al Estado nacional. En ese per\u00edodo se cerraron o privatizaron la mayor\u00eda de los establecimientos, quedando finalmente s\u00f3lo 5 f\u00e1bricas y la sede central.<\/p>\n<p>&nbsp;<\/p>\n<p>En 2009 el Ministerio de Planificaci\u00f3n Federal impuls\u00f3 la creaci\u00f3n de \u201cFabricaciones Militares Sociedad del Estado\u201d, que signific\u00f3 la posibilidad de relanzar la producci\u00f3n nacional vinculada a la Defensa y concretar las mejoras laborales por las que los trabajadores ven\u00edan luchando desde hac\u00eda m\u00e1s de 20 a\u00f1os.<\/p>\n<p>&nbsp;<\/p>\n<p>En 2015 Senadores sancion\u00f3 la ley que le quit\u00f3 la FIGURA de \u201cSujeta a privatizaci\u00f3n\u201d, quitando de estas f\u00e1bricas el fantasma privatista que subsist\u00eda desde los \u201990.<\/p>\n<p>&nbsp;<\/p>\n<p>En la actualidad, la DGFM s\u00f3lo cuenta con 5 f\u00e1bricas y su sede central: F\u00e1brica Militar R\u00edo Tercero y F\u00e1brica Militar de P\u00f3lvoras y Explosivos Villa Mar\u00eda; F\u00e1brica Militar de P\u00f3lvoras y Explosivos Azul; F\u00e1brica Militar Fray Luis Beltr\u00e1n; F\u00e1brica de Explosivos San Jos\u00e9 de J\u00e1chal; y la casa central en Buenos Aires.<\/p>\n<p>&nbsp;<\/p>\n<p>&nbsp;<\/p>\n<p><strong>Trabajadores<\/strong><\/p>\n<p>El total de trabajadores en FM es de 2172, con s\u00f3lo un 20% de empleados en planta permanente. Existen irregularidades como deudas en pagos a proveedores, falta de insumos de seguridad e higiene, des-financiamiento de distintas \u00e1reas y de varios programas especiales.<\/p>\n<p>&nbsp;<\/p>\n<p>El recorte presentado para el a\u00f1o en curso comenz\u00f3 en 2016, y rondar\u00e1 los $8.929,3 millones de pesos al final de 2017. Pero, m\u00e1s importante que el volumen del recorte es hacia d\u00f3nde se dirige: en 2016, el 80,3% del presupuesto reducido recay\u00f3 sobre las partidas destinadas a Ciencia, Tecnolog\u00eda y Producci\u00f3n para la Defensa; en 2017, ser\u00e1 otro 10% m\u00e1s.<\/p>\n<p>&nbsp;<\/p>\n<p>En enero de 2016, 140 empleados fueron despedidos, en el marco del primer achique general del macrismo contra el Estado Nacional en todas las \u00e1reas.<\/p>\n<p>&nbsp;<\/p>\n<p>La intranquilidad no s\u00f3lo surge del ajuste en marcha, sino de una clara intencionalidad de precarizar a\u00fan m\u00e1s la situaci\u00f3n laboral, y la decisi\u00f3n pol\u00edtica de privatizar y\/o tercerizar los servicios que en la actualidad brindan estas instalaciones fabriles, en l\u00ednea con la pol\u00edtica general del Gobierno de Mauricio Macri.-<\/p>\n","protected":false},"excerpt":{"rendered":"<p>Tras la llegada de Aguad a Defensa, el sindicato ATE reclama pol\u00edticas de impulso a la industria nacional. Desconfianza en el nuevo ministro, que viene de destruir Comunicaci\u00f3n &nbsp; &nbsp; &nbsp; Despu\u00e9s de haber cumplido con la misi\u00f3n de restablecer el orden habitual para el \u201cperiodismo\u201d dominante y garantizar los negocios de los c\u00e1rteles de medios, Oscar Aguad sali\u00f3 del Ministerio de Comunicaciones como si hubiera dejado una bomba en su interior que pulveriz\u00f3 la cartera mientras \u201cel milico\u201d se mudaba a Defensa, un sector que le calza mucho mejor&#8230;<\/p>\n","protected":false},"author":3,"featured_media":14710,"comment_status":"closed","ping_status":"closed","sticky":false,"template":"","format":"standard","meta":[],"categories":[9,18],"tags":[],"_links":{"self":[{"href":"https:\/\/www.actualidadadiario.com\/index.php\/wp-json\/wp\/v2\/posts\/14709"}],"collection":[{"href":"https:\/\/www.actualidadadiario.com\/index.php\/wp-json\/wp\/v2\/posts"}],"about":[{"href":"https:\/\/www.actualidadadiario.com\/index.php\/wp-json\/wp\/v2\/types\/post"}],"author":[{"embeddable":true,"href":"https:\/\/www.actualidadadiario.com\/index.php\/wp-json\/wp\/v2\/users\/3"}],"replies":[{"embeddable":true,"href":"https:\/\/www.actualidadadiario.com\/index.php\/wp-json\/wp\/v2\/comments?post=14709"}],"version-history":[{"count":1,"href":"https:\/\/www.actualidadadiario.com\/index.php\/wp-json\/wp\/v2\/posts\/14709\/revisions"}],"predecessor-version":[{"id":14711,"href":"https:\/\/www.actualidadadiario.com\/index.php\/wp-json\/wp\/v2\/posts\/14709\/revisions\/14711"}],"wp:featuredmedia":[{"embeddable":true,"href":"https:\/\/www.actualidadadiario.com\/index.php\/wp-json\/wp\/v2\/media\/14710"}],"wp:attachment":[{"href":"https:\/\/www.actualidadadiario.com\/index.php\/wp-json\/wp\/v2\/media?parent=14709"}],"wp:term":[{"taxonomy":"category","embeddable":true,"href":"https:\/\/www.actualidadadiario.com\/index.php\/wp-json\/wp\/v2\/categories?post=14709"},{"taxonomy":"post_tag","embeddable":true,"href":"https:\/\/www.actualidadadiario.com\/index.php\/wp-json\/wp\/v2\/tags?post=14709"}],"curies":[{"name":"wp","href":"https:\/\/api.w.org\/{rel}","templated":true}]}}