{"id":14697,"date":"2017-07-25T10:05:00","date_gmt":"2017-07-25T13:05:00","guid":{"rendered":"http:\/\/actualidadadiario.com\/site\/?p=14697"},"modified":"2017-07-25T10:05:00","modified_gmt":"2017-07-25T13:05:00","slug":"pese-a-la-ola-de-frio-la-demanda-de-energia-electrica-cayo-38-en-junio","status":"publish","type":"post","link":"https:\/\/www.actualidadadiario.com\/index.php\/2017\/07\/25\/pese-a-la-ola-de-frio-la-demanda-de-energia-electrica-cayo-38-en-junio\/","title":{"rendered":"Pese a la ola de fr\u00edo, la demanda de energ\u00eda el\u00e9ctrica cay\u00f3 3,8% en junio"},"content":{"rendered":"<p><em><strong>Con temperaturas m\u00e1s altas que hace un a\u00f1o, la demanda de energ\u00eda el\u00e9ctrica cay\u00f3 3,8% en junio con relaci\u00f3n a igual mes de 2016, a ra\u00edz de un &#8220;fuerte descenso&#8221; en el consumo residencial y comercial, inform\u00f3 ayer la Fundaci\u00f3n para el Desarrollo El\u00e9ctrico (Fundelec)<\/strong><\/em><\/p>\n<p>&nbsp;<\/p>\n<p>&nbsp;<\/p>\n<p>&nbsp;<\/p>\n<p>&nbsp;<\/p>\n<p>&nbsp;<\/p>\n<p>En t\u00e9rminos estacionales, es el tercer descenso consecutivo en el a\u00f1o, pese a que junio de 2017 es el segundo consumo m\u00e1s alto del a\u00f1o; con este descenso, el primer semestre del a\u00f1o cerr\u00f3 con una baja de 2,4%, puntualiz\u00f3 el informe.<\/p>\n<p>&nbsp;<\/p>\n<p>En comparaci\u00f3n interanual, la demanda residencial baj\u00f3 -11% mientras que la demanda de los comerciales descendi\u00f3 -0,6% y, por \u00faltimo, los industriales mostraron un crecimiento de 6,4%.<\/p>\n<p>&nbsp;<\/p>\n<p>En junio de 2017, la demanda neta total del Mercado Electrico Mayorista (MEM) fue de 11.359,1 GWh; mientras que, en el mismo mes de 2016, hab\u00eda sido de 11.809,8 GWh1.<\/p>\n<p>&nbsp;<\/p>\n<p>Por lo tanto, la comparaci\u00f3n interanual evidenci\u00f3 un descenso de 3,8%, pero un crecimiento intermensual de 5,6%, debido a que mayo de 2017 tuvo una demanda, en t\u00e9rminos nominales, de 10.754,4 GWh (habitualmente, abril y mayo son meses de menor consumo en el ciclo anual), detall\u00f3 Fundelec.<\/p>\n<p>&nbsp;<\/p>\n<p>Adem\u00e1s, la entidad explic\u00f3 que del consumo total del mes, 44% (5.012,2 GWh) perteneci\u00f3 a la demanda residencial, mientras que el sector comercial represent\u00f3 28% (3.207,2 GWh) y el industrial 28% (3.139,7 GWh).<\/p>\n<p>&nbsp;<\/p>\n<p>El informe puntualiz\u00f3, asimismo, que junio present\u00f3 un decrecimiento que &#8220;contin\u00faa con la tendencia recesiva, ya que febrero hab\u00eda implicado un fuerte descenso (-6,3%), pese a que en enero y marzo hab\u00eda subido la demanda. En el caso de abril, el consumo hab\u00eda descendido por debajo de la barrera de los 10.000 GWh, siendo la peor marca para este mes desde 2014. En mayo, el descenso hab\u00eda sido de -5,3% (10.754,4 GWh)&#8221;.<\/p>\n<p>&nbsp;<\/p>\n<p>En cuanto al consumo por provincia, en junio, se registraron apenas ocho ascensos en los requerimientos el\u00e9ctricos al MEM en Chubut (28%), Santa Cruz (6%), EDES (4%), La Rioja (4%), San Luis (3%), La Pampa (3%), Catamarca (2%) y EDEN (1%).<\/p>\n<p>&nbsp;<\/p>\n<p>Por su parte, 19 fueron las provincias y empresas que marcaron descensos: Salta (-10%), Tucum\u00e1n (-8%), C\u00f3rdoba (-6%), Entre R\u00edos (-6%), Jujuy (-6%), EDELAP (-6%), Misiones (-6%), Santa Fe (-6%), Corrientes (-5%), San Juan (-5%), Chaco (-3%), San Juan (-3%), Santiago del Estero (-3%), Formosa (-2%), Mendoza (-1%), R\u00edo Negro (-1%), EDEA (-1%), entre otros.<\/p>\n<p>&nbsp;<\/p>\n<p>La temperatura media de junio fue de 13,7 \u00baC, mientras que en el mismo mes de 2016 fue de 10,6 \u00baC.<\/p>\n","protected":false},"excerpt":{"rendered":"<p>Con temperaturas m\u00e1s altas que hace un a\u00f1o, la demanda de energ\u00eda el\u00e9ctrica cay\u00f3 3,8% en junio con relaci\u00f3n a igual mes de 2016, a ra\u00edz de un &#8220;fuerte descenso&#8221; en el consumo residencial y comercial, inform\u00f3 ayer la Fundaci\u00f3n para el Desarrollo El\u00e9ctrico (Fundelec) &nbsp; &nbsp; &nbsp; &nbsp; &nbsp; En t\u00e9rminos estacionales, es el tercer descenso consecutivo en el a\u00f1o, pese a que junio de 2017 es el segundo consumo m\u00e1s alto del a\u00f1o; con este descenso, el primer semestre del a\u00f1o cerr\u00f3 con una baja de 2,4%, puntualiz\u00f3&#8230;<\/p>\n","protected":false},"author":3,"featured_media":14698,"comment_status":"closed","ping_status":"closed","sticky":false,"template":"","format":"standard","meta":[],"categories":[2],"tags":[],"_links":{"self":[{"href":"https:\/\/www.actualidadadiario.com\/index.php\/wp-json\/wp\/v2\/posts\/14697"}],"collection":[{"href":"https:\/\/www.actualidadadiario.com\/index.php\/wp-json\/wp\/v2\/posts"}],"about":[{"href":"https:\/\/www.actualidadadiario.com\/index.php\/wp-json\/wp\/v2\/types\/post"}],"author":[{"embeddable":true,"href":"https:\/\/www.actualidadadiario.com\/index.php\/wp-json\/wp\/v2\/users\/3"}],"replies":[{"embeddable":true,"href":"https:\/\/www.actualidadadiario.com\/index.php\/wp-json\/wp\/v2\/comments?post=14697"}],"version-history":[{"count":1,"href":"https:\/\/www.actualidadadiario.com\/index.php\/wp-json\/wp\/v2\/posts\/14697\/revisions"}],"predecessor-version":[{"id":14699,"href":"https:\/\/www.actualidadadiario.com\/index.php\/wp-json\/wp\/v2\/posts\/14697\/revisions\/14699"}],"wp:featuredmedia":[{"embeddable":true,"href":"https:\/\/www.actualidadadiario.com\/index.php\/wp-json\/wp\/v2\/media\/14698"}],"wp:attachment":[{"href":"https:\/\/www.actualidadadiario.com\/index.php\/wp-json\/wp\/v2\/media?parent=14697"}],"wp:term":[{"taxonomy":"category","embeddable":true,"href":"https:\/\/www.actualidadadiario.com\/index.php\/wp-json\/wp\/v2\/categories?post=14697"},{"taxonomy":"post_tag","embeddable":true,"href":"https:\/\/www.actualidadadiario.com\/index.php\/wp-json\/wp\/v2\/tags?post=14697"}],"curies":[{"name":"wp","href":"https:\/\/api.w.org\/{rel}","templated":true}]}}