{"id":14688,"date":"2017-07-25T10:02:44","date_gmt":"2017-07-25T13:02:44","guid":{"rendered":"http:\/\/actualidadadiario.com\/site\/?p=14688"},"modified":"2017-07-25T10:02:44","modified_gmt":"2017-07-25T13:02:44","slug":"alarma-entre-productores-rionegrinos-por-las-fuertes-importaciones-de-manzanas","status":"publish","type":"post","link":"https:\/\/www.actualidadadiario.com\/index.php\/2017\/07\/25\/alarma-entre-productores-rionegrinos-por-las-fuertes-importaciones-de-manzanas\/","title":{"rendered":"Alarma entre productores rionegrinos por las fuertes importaciones de manzanas"},"content":{"rendered":"<p><em><strong>Los chacareros recuerdan que 2015 hab\u00eda cerrado con apenas 133 toneladas de manzanas importadas, mientras que en lo que va de este a\u00f1o ya se compraron 1.022 toneladas<\/strong><\/em><\/p>\n<p>&nbsp;<\/p>\n<p>&nbsp;<\/p>\n<p>&nbsp;<\/p>\n<p>No s\u00f3lo la industria del calzado est\u00e1 en alerta por las fuertes importaciones que generan zozobra, cierres y p\u00e9rdida de puestos de trabajo en el sector. Los productores del Alto Valle del R\u00edo Negro tambi\u00e9n manifiestan su preocupaci\u00f3n por la geom\u00e9trica suba de importaciones de manzanas.<\/p>\n<p>&nbsp;<\/p>\n<p>Es que seg\u00fan un informe del Senasa, en lo que va del a\u00f1o se compraron 1.022 toneladas de esa fruta, la mayor parte a Chile (978), pero tambi\u00e9n de Ecuador (23 toneladas) y de Brasil (22), un importador natural de la Argentina hasta hace dos a\u00f1os, seg\u00fan da cuenta Clar\u00edn.<\/p>\n<p>&nbsp;<\/p>\n<p>Lejos de morigerarse, la vor\u00e1gine importadora que desat\u00f3 el macrismo con su llegada al Gobierno Nacional se acelera a\u00f1o tras a\u00f1o: a esta altura de 2016, apenas si se hab\u00edan importado 23 toneladas. En tanto, 2015 hab\u00eda cerrado con apenas 133 toneladas.<\/p>\n<p>&nbsp;<\/p>\n<p>Seg\u00fan estiman los productores rionegrinos, la manzana trasandina seguir\u00e1 ingresando al pa\u00eds en lo que resta del 2017 para rozar unas 5.000 toneladas, lo que representar\u00eda un r\u00e9cord hist\u00f3rico.<\/p>\n","protected":false},"excerpt":{"rendered":"<p>Los chacareros recuerdan que 2015 hab\u00eda cerrado con apenas 133 toneladas de manzanas importadas, mientras que en lo que va de este a\u00f1o ya se compraron 1.022 toneladas &nbsp; &nbsp; &nbsp; No s\u00f3lo la industria del calzado est\u00e1 en alerta por las fuertes importaciones que generan zozobra, cierres y p\u00e9rdida de puestos de trabajo en el sector. Los productores del Alto Valle del R\u00edo Negro tambi\u00e9n manifiestan su preocupaci\u00f3n por la geom\u00e9trica suba de importaciones de manzanas. &nbsp; Es que seg\u00fan un informe del Senasa, en lo que va del&#8230;<\/p>\n","protected":false},"author":3,"featured_media":14689,"comment_status":"closed","ping_status":"closed","sticky":false,"template":"","format":"standard","meta":[],"categories":[2],"tags":[],"_links":{"self":[{"href":"https:\/\/www.actualidadadiario.com\/index.php\/wp-json\/wp\/v2\/posts\/14688"}],"collection":[{"href":"https:\/\/www.actualidadadiario.com\/index.php\/wp-json\/wp\/v2\/posts"}],"about":[{"href":"https:\/\/www.actualidadadiario.com\/index.php\/wp-json\/wp\/v2\/types\/post"}],"author":[{"embeddable":true,"href":"https:\/\/www.actualidadadiario.com\/index.php\/wp-json\/wp\/v2\/users\/3"}],"replies":[{"embeddable":true,"href":"https:\/\/www.actualidadadiario.com\/index.php\/wp-json\/wp\/v2\/comments?post=14688"}],"version-history":[{"count":1,"href":"https:\/\/www.actualidadadiario.com\/index.php\/wp-json\/wp\/v2\/posts\/14688\/revisions"}],"predecessor-version":[{"id":14690,"href":"https:\/\/www.actualidadadiario.com\/index.php\/wp-json\/wp\/v2\/posts\/14688\/revisions\/14690"}],"wp:featuredmedia":[{"embeddable":true,"href":"https:\/\/www.actualidadadiario.com\/index.php\/wp-json\/wp\/v2\/media\/14689"}],"wp:attachment":[{"href":"https:\/\/www.actualidadadiario.com\/index.php\/wp-json\/wp\/v2\/media?parent=14688"}],"wp:term":[{"taxonomy":"category","embeddable":true,"href":"https:\/\/www.actualidadadiario.com\/index.php\/wp-json\/wp\/v2\/categories?post=14688"},{"taxonomy":"post_tag","embeddable":true,"href":"https:\/\/www.actualidadadiario.com\/index.php\/wp-json\/wp\/v2\/tags?post=14688"}],"curies":[{"name":"wp","href":"https:\/\/api.w.org\/{rel}","templated":true}]}}