{"id":14685,"date":"2017-07-25T10:01:58","date_gmt":"2017-07-25T13:01:58","guid":{"rendered":"http:\/\/actualidadadiario.com\/site\/?p=14685"},"modified":"2017-07-25T10:01:58","modified_gmt":"2017-07-25T13:01:58","slug":"exportaciones-leve-caida-en-la-provincia","status":"publish","type":"post","link":"https:\/\/www.actualidadadiario.com\/index.php\/2017\/07\/25\/exportaciones-leve-caida-en-la-provincia\/","title":{"rendered":"Exportaciones: leve ca\u00edda en la provincia"},"content":{"rendered":"<p><em><strong>Seg\u00fan UIER, se contrajeron sectores agroindustriales como los vinculados a carne bovina y arroz<\/strong><\/em><\/p>\n<p>&nbsp;<\/p>\n<p>&nbsp;<\/p>\n<p>&nbsp;<\/p>\n<p>Las exportaciones de la provincia cayeron un 0,2% interanual en los primeros cinco meses del a\u00f1o ante una baja del sector agroindustrial, seg\u00fan el monitoreo de la Uni\u00f3n Industrial de Entre R\u00edos (UIER).<\/p>\n<p>&nbsp;<\/p>\n<p>Las ventas al exterior se contrajeron levemente en los primeros cinco meses, baja en un contexto de evoluciones dis\u00edmiles, plantea el informe. &#8220;Los sectores agroindustriales en su conjunto se contrajeron, mientras que el resto de las industrias aumentaron sus exportaciones&#8221;.<\/p>\n<p>&nbsp;<\/p>\n<p>&#8220;Si se considera las exportaciones de la provincia entre los meses enero a mayo de 2017 y se compara con el mismo per\u00edodo de 2016, la ca\u00edda del 0,2% muestra una evoluci\u00f3n estable, aunque, bajo el mismo par\u00e1metro a nivel nacional, las ventas al exterior crecieron levemente: un 1,6% en la misma comparaci\u00f3n&#8221;, indic\u00f3 el informe.<\/p>\n<p>&nbsp;<\/p>\n<p>Los industriales a\u00f1adieron que la ca\u00edda tuvo comportamientos heterog\u00e9neos entre los tipos de actividad, ya que las Manufacturas de Origen Industrial (MOI) aumentaron m\u00e1s de 6 millones de d\u00f3lares, es decir, 16% en el mismo per\u00edodo. El estudio relev\u00f3 adem\u00e1s que, a nivel nacional, la exportaci\u00f3n de Manufacturas de Origen Agropecuario (MOA) de los cinco primeros meses del a\u00f1o fue 8 millones de d\u00f3lares menor en t\u00e9rminos interanuales (-4,8%), mientras que las ventas de Productos Primarios (PP) aumentaron casi 2 millones de d\u00f3lares (+0,8%).<\/p>\n<p>&nbsp;<\/p>\n<p>En el pa\u00eds, el leve aumento de las ventas externas se gener\u00f3 tambi\u00e9n por un incremento de las MOI, en un 10,8%, con ca\u00eddas en las MOA del 0,8% y de los PP en un 5,2%; al tiempo que la exportaci\u00f3n de MOI represent\u00f3 el 11% de las ventas totales de la provincia y las MOA significaron un 41%. De esta forma, la provincia compone sus exportaciones con un 51% de productos industriales y un 49% primarios.<\/p>\n<p>&nbsp;<\/p>\n<p>El documento indic\u00f3, a su vez, que en los primeros cinco meses del a\u00f1o la ca\u00edda de las exportaciones de MOA se gener\u00f3 principalmente en el rubro desperdicios alimentarios, acompa\u00f1ado por ca\u00eddas en la venta de carne bovina y en arroz.<\/p>\n<p>&nbsp;<\/p>\n<p>&#8220;Esta evoluci\u00f3n fue parcialmente compensada por el crecimiento de las exportaciones de carne aviar y jugos de frutas y hortalizas&#8221;, precisa. En cuanto a las MOI, detalla que su expansi\u00f3n se explica por mayores niveles de ventas al exterior en los sectores metales b\u00e1sicos, papel y cart\u00f3n y productos qu\u00edmicos.<\/p>\n<p>&nbsp;<\/p>\n<p>En cuanto a los principales destinos de exportaci\u00f3n, entre enero y mayo aumentaron sus valores \u2013respecto del mismo per\u00edodo de 2016\u2013, Brasil, Argelia y Rusia; mientras que Cuba, Indonesia y Corea del Sur mermaron sus compras. Los principales socios comerciales de Entre R\u00edos contin\u00faan siendo en China (18% del total de las exportaciones); seguida por Brasil y Chile, que representan el 14,5% y el 7%, respectivamente.<\/p>\n","protected":false},"excerpt":{"rendered":"<p>Seg\u00fan UIER, se contrajeron sectores agroindustriales como los vinculados a carne bovina y arroz &nbsp; &nbsp; &nbsp; Las exportaciones de la provincia cayeron un 0,2% interanual en los primeros cinco meses del a\u00f1o ante una baja del sector agroindustrial, seg\u00fan el monitoreo de la Uni\u00f3n Industrial de Entre R\u00edos (UIER). &nbsp; Las ventas al exterior se contrajeron levemente en los primeros cinco meses, baja en un contexto de evoluciones dis\u00edmiles, plantea el informe. &#8220;Los sectores agroindustriales en su conjunto se contrajeron, mientras que el resto de las industrias aumentaron sus&#8230;<\/p>\n","protected":false},"author":3,"featured_media":14686,"comment_status":"closed","ping_status":"closed","sticky":false,"template":"","format":"standard","meta":[],"categories":[15],"tags":[],"_links":{"self":[{"href":"https:\/\/www.actualidadadiario.com\/index.php\/wp-json\/wp\/v2\/posts\/14685"}],"collection":[{"href":"https:\/\/www.actualidadadiario.com\/index.php\/wp-json\/wp\/v2\/posts"}],"about":[{"href":"https:\/\/www.actualidadadiario.com\/index.php\/wp-json\/wp\/v2\/types\/post"}],"author":[{"embeddable":true,"href":"https:\/\/www.actualidadadiario.com\/index.php\/wp-json\/wp\/v2\/users\/3"}],"replies":[{"embeddable":true,"href":"https:\/\/www.actualidadadiario.com\/index.php\/wp-json\/wp\/v2\/comments?post=14685"}],"version-history":[{"count":1,"href":"https:\/\/www.actualidadadiario.com\/index.php\/wp-json\/wp\/v2\/posts\/14685\/revisions"}],"predecessor-version":[{"id":14687,"href":"https:\/\/www.actualidadadiario.com\/index.php\/wp-json\/wp\/v2\/posts\/14685\/revisions\/14687"}],"wp:featuredmedia":[{"embeddable":true,"href":"https:\/\/www.actualidadadiario.com\/index.php\/wp-json\/wp\/v2\/media\/14686"}],"wp:attachment":[{"href":"https:\/\/www.actualidadadiario.com\/index.php\/wp-json\/wp\/v2\/media?parent=14685"}],"wp:term":[{"taxonomy":"category","embeddable":true,"href":"https:\/\/www.actualidadadiario.com\/index.php\/wp-json\/wp\/v2\/categories?post=14685"},{"taxonomy":"post_tag","embeddable":true,"href":"https:\/\/www.actualidadadiario.com\/index.php\/wp-json\/wp\/v2\/tags?post=14685"}],"curies":[{"name":"wp","href":"https:\/\/api.w.org\/{rel}","templated":true}]}}