{"id":14676,"date":"2017-07-25T09:59:38","date_gmt":"2017-07-25T12:59:38","guid":{"rendered":"http:\/\/actualidadadiario.com\/site\/?p=14676"},"modified":"2017-07-25T09:59:38","modified_gmt":"2017-07-25T12:59:38","slug":"ballay-ninguna-empresa-privada-esta-cargo-de-las-liquidaciones-de-los-sueldos","status":"publish","type":"post","link":"https:\/\/www.actualidadadiario.com\/index.php\/2017\/07\/25\/ballay-ninguna-empresa-privada-esta-cargo-de-las-liquidaciones-de-los-sueldos\/","title":{"rendered":"Ballay: \u201cNinguna empresa privada est\u00e1 cargo de las liquidaciones de los sueldos\u201d"},"content":{"rendered":"<p><em><strong>El ministro de Econom\u00eda, Hugo Ballay, aclar\u00f3 que el contrato con una firma privada \u201ctermin\u00f3 en octubre de 2016\u201d, y que \u201cque era una licitaci\u00f3n que ven\u00eda de 2015\u201d que, al concluir su plazo, hizo que \u201clos sistemas desarrollados por esa empresa quedaron como propiedad del Estado provincial<\/strong><\/em><\/p>\n<p>&nbsp;<\/p>\n<p>&nbsp;<\/p>\n<p>&nbsp;<\/p>\n<p>&nbsp;<\/p>\n<p>&#8220;Ning\u00fan privado est\u00e1 a cargo del sistema de liquidaciones\u201d, dej\u00f3 en claro el funcionario al conformar este lunes una mesa t\u00e9cnica con los gremios docentes para analizar las liquidaciones del sector.<\/p>\n<p>&nbsp;<\/p>\n<p>\u201cNo existe ninguna empresa tercerizada realizando liquidaciones, ni de los docentes ni de ning\u00fan trabajador del Estado provincial\u201d, remarc\u00f3 el ministro luego de la reuni\u00f3n y afirm\u00f3 que las diferencias que se producen en el pago a docentes tienen que ver con las particularidades de este sector.<\/p>\n<p>&nbsp;<\/p>\n<p>\u201cTodas las liquidaciones se hacen en la Direcci\u00f3n de Liquidaciones, con sistemas y personal propio de la provincia. Desde el gremio pidieron que dicha documentaci\u00f3n sea presentada formalmente por escrito, lo cual se realizar\u00e1 hoy mismo&#8221;, indic\u00f3 Ballay, y se\u00f1al\u00f3 que la reuni\u00f3n fue pedida por Agmer la semana pasada, y desde el gobierno &#8220;siempre apostamos al di\u00e1logo por eso hemos mantenido una nueva reuni\u00f3n de trabajo, como tantas otras, donde expresamos los puntos de vista&#8221;.<\/p>\n<p>&nbsp;<\/p>\n<p>Adem\u00e1s, el ministro se refiri\u00f3 a las particularidades que presenta el salario docente y subray\u00f3 que que \u201cen el mes de julio la provincia pag\u00f3 el aguinaldo en cuatro d\u00edas\u201d, por lo que \u201cel 14 de julio la provincia ya hab\u00eda pagado la totalidad del salario y del aguinaldo\u201d.<\/p>\n<p>&nbsp;<\/p>\n<p>Por otra parte, Ballay indic\u00f3 que se dar\u00e1 continuidad a la propuesta de realizar reuniones entre t\u00e9cnicos de la Direcci\u00f3n de Liquidaciones de la provincia y de Agmer. &#8220;Qued\u00f3 previsto un encuentro para este mi\u00e9rcoles en el Consejo General de Educaci\u00f3n. Esa reuni\u00f3n t\u00e9cnica tendr\u00e1 una frecuencia semanal siempre y cuando los temas lo ameriten&#8221;, precis\u00f3.<\/p>\n<p>&nbsp;<\/p>\n<p>&nbsp;<\/p>\n<p><strong>Historia<\/strong><\/p>\n<p>Haciendo un poco de historia, el ministro record\u00f3 que \u201canteriormente la liquidaci\u00f3n de los docentes estaba a cargo del Consejo General de Educaci\u00f3n (CGE), pero desde diciembre pas\u00f3 a la Direcci\u00f3n de Liquidaciones\u201d. Este cambio estuvo dado porque \u201cdesde el a\u00f1o 2013 hay pedidos de la Direcci\u00f3n General de Inform\u00e1tica donde dec\u00edan que el sistema y las herramientas que ten\u00eda el CGE pon\u00edan en riesgo la liquidaci\u00f3n de haberes. Entonces la decisi\u00f3n que tomamos en esta gesti\u00f3n fue incorporar los docentes al mismo sistema de liquidaci\u00f3n que el resto de los estatales\u201d.<\/p>\n<p>&nbsp;<\/p>\n<p>\u201cEste ordenamiento financiero que estamos logrando en la provincia hace que estemos sosteniendo el cronograma de pagos, que est\u00e1 terminando el d\u00eda 8 o 9, y el haber pagado al d\u00eda 14 la totalidad de sueldo y aguinaldo es un elemento positivo\u201d, finaliz\u00f3 y se\u00f1al\u00f3 que \u201ces probable que haya particularmente alg\u00fan docente que tenga alg\u00fan d\u00eda pendiente de liquidaci\u00f3n, y para eso trabajamos en forma conjunta con el CGE -a trav\u00e9s de las Departamentales de Escuelas se reciben esas inquietudes- y si existe esa diferencia se liquida en forma inmediata\u201d.<\/p>\n<p>&nbsp;<\/p>\n<p>Por \u00faltimo agreg\u00f3 que todas las consultas vinculadas al tema liquidaci\u00f3n de haberes presentadas al Ministerio, fueron respondidas. &#8220;All\u00ed se les demostraba que la liquidaci\u00f3n no estaba mal hecha\u201d, y que al tercero de los cuatro d\u00edas en los que se pagaba el Sueldo Anual Complementario \u201cse abon\u00f3 por planilla complementaria a un 6 por ciento de los docentes\u201d. \u201cDespu\u00e9s hay cuestiones m\u00e1s t\u00e9cnicas que tienen que ver con la carga de datos o la fecha de cierre de las liquidaciones que se seguir\u00e1n trabajando en la reuni\u00f3n del mi\u00e9rcoles&#8221;, grafic\u00f3.<\/p>\n<p>&nbsp;<\/p>\n<p>Adem\u00e1s de los representantes de la Asociaci\u00f3n Gremial del Magisterio de Entre R\u00edos, tambi\u00e9n participaron de la reuni\u00f3n el director de Ajustes y Liquidaciones del Ministerio de Econom\u00eda, Miguel Ulrich; y el coordinador General de Liquidaciones y Recursos Humanos del CGE, N\u00e9stor Grifoni.<\/p>\n","protected":false},"excerpt":{"rendered":"<p>El ministro de Econom\u00eda, Hugo Ballay, aclar\u00f3 que el contrato con una firma privada \u201ctermin\u00f3 en octubre de 2016\u201d, y que \u201cque era una licitaci\u00f3n que ven\u00eda de 2015\u201d que, al concluir su plazo, hizo que \u201clos sistemas desarrollados por esa empresa quedaron como propiedad del Estado provincial &nbsp; &nbsp; &nbsp; &nbsp; &#8220;Ning\u00fan privado est\u00e1 a cargo del sistema de liquidaciones\u201d, dej\u00f3 en claro el funcionario al conformar este lunes una mesa t\u00e9cnica con los gremios docentes para analizar las liquidaciones del sector. &nbsp; \u201cNo existe ninguna empresa tercerizada realizando&#8230;<\/p>\n","protected":false},"author":3,"featured_media":14677,"comment_status":"closed","ping_status":"closed","sticky":false,"template":"","format":"standard","meta":[],"categories":[9,15],"tags":[],"_links":{"self":[{"href":"https:\/\/www.actualidadadiario.com\/index.php\/wp-json\/wp\/v2\/posts\/14676"}],"collection":[{"href":"https:\/\/www.actualidadadiario.com\/index.php\/wp-json\/wp\/v2\/posts"}],"about":[{"href":"https:\/\/www.actualidadadiario.com\/index.php\/wp-json\/wp\/v2\/types\/post"}],"author":[{"embeddable":true,"href":"https:\/\/www.actualidadadiario.com\/index.php\/wp-json\/wp\/v2\/users\/3"}],"replies":[{"embeddable":true,"href":"https:\/\/www.actualidadadiario.com\/index.php\/wp-json\/wp\/v2\/comments?post=14676"}],"version-history":[{"count":1,"href":"https:\/\/www.actualidadadiario.com\/index.php\/wp-json\/wp\/v2\/posts\/14676\/revisions"}],"predecessor-version":[{"id":14678,"href":"https:\/\/www.actualidadadiario.com\/index.php\/wp-json\/wp\/v2\/posts\/14676\/revisions\/14678"}],"wp:featuredmedia":[{"embeddable":true,"href":"https:\/\/www.actualidadadiario.com\/index.php\/wp-json\/wp\/v2\/media\/14677"}],"wp:attachment":[{"href":"https:\/\/www.actualidadadiario.com\/index.php\/wp-json\/wp\/v2\/media?parent=14676"}],"wp:term":[{"taxonomy":"category","embeddable":true,"href":"https:\/\/www.actualidadadiario.com\/index.php\/wp-json\/wp\/v2\/categories?post=14676"},{"taxonomy":"post_tag","embeddable":true,"href":"https:\/\/www.actualidadadiario.com\/index.php\/wp-json\/wp\/v2\/tags?post=14676"}],"curies":[{"name":"wp","href":"https:\/\/api.w.org\/{rel}","templated":true}]}}