{"id":14673,"date":"2017-07-25T09:58:45","date_gmt":"2017-07-25T12:58:45","guid":{"rendered":"http:\/\/actualidadadiario.com\/site\/?p=14673"},"modified":"2017-07-25T09:58:45","modified_gmt":"2017-07-25T12:58:45","slug":"estudiantes-disfrutan-de-jornadas-recreativas-en-embalse","status":"publish","type":"post","link":"https:\/\/www.actualidadadiario.com\/index.php\/2017\/07\/25\/estudiantes-disfrutan-de-jornadas-recreativas-en-embalse\/","title":{"rendered":"Estudiantes disfrutan de jornadas recreativas en Embalse"},"content":{"rendered":"<p><em><strong>Estudiantes entrerrianos disfrutan de las Jornadas Educativas de Integraci\u00f3n, Convivencia e Intercambio Cultural, en el marco del Programa Turismo Educativo que articula el Consejo General de Educaci\u00f3n con otras \u00e1reas de gobierno<\/strong><\/em><\/p>\n<p>&nbsp;<\/p>\n<p>&nbsp;<\/p>\n<p>&nbsp;<\/p>\n<p>&nbsp;<\/p>\n<p>La estad\u00eda sin cargo para los gurises se desarrolla desde el 21 al 27 de julio inclusive en Embalse R\u00edo Tercero, provincia de C\u00f3rdoba.<\/p>\n<p>&nbsp;<\/p>\n<p>En el marco del Programa Turismo Educativo, el Consejo General de Educaci\u00f3n, a trav\u00e9s de la Coordinaci\u00f3n de Pol\u00edticas Socioeducativas conjuntamente con la Direcci\u00f3n de Escuelas Rurales y de Islas, gestion\u00f3 la participaci\u00f3n de estudiantes y docentes de quinto y sexto grado de escuelas primarias rurales del departamento Federaci\u00f3n en las Jornadas Educativas de Integraci\u00f3n, Convivencia e Intercambio Cultural durante el receso de invierno.<\/p>\n<p>&nbsp;<\/p>\n<p>Esta l\u00ednea de trabajo se desarrolla conjuntamente con el Ministerio de Turismo de la provincia y el Ministerio de Educaci\u00f3n y Deportes de la Naci\u00f3n.<\/p>\n<p>&nbsp;<\/p>\n<p>La participaci\u00f3n de estudiantes en instancias relacionadas con turismo escolar, junto a pares de diferentes regiones del pa\u00eds, enriquece los diversos procesos de integraci\u00f3n social y promueve aprendizajes significativos a partir de experiencias ancladas en la vida en la naturaleza y su entorno.<\/p>\n<p>&nbsp;<\/p>\n<p>&nbsp;<\/p>\n<p><strong>Sobre el programa Turismo Educativo<\/strong><\/p>\n<p>El programa Turismo Educativo, tiene como prop\u00f3sito ampliar y fortalecer las trayectorias escolares y educativas de los ni\u00f1os y ni\u00f1as que se encuentran en contextos de mayor vulnerabilidad social, favoreciendo el desarrollo integral de los ni\u00f1os y ni\u00f1as en contextos de diversidad cultural. Y ampliar la oferta educativa integrando distintos \u00e1mbitos educativos, aportando a la construcci\u00f3n de justicia social promoviendo la igualdad de oportunidades.<\/p>\n<p>&nbsp;<\/p>\n<p>Los contenidos que contempla este proyecto de articulaci\u00f3n est\u00e1n enmarcados dentro de una propuesta educativa que retoma tem\u00e1ticas curriculares trabajadas en el aula y las propone en un contexto diferenciado utilizando la recreaci\u00f3n, el arte, el deporte y la educaci\u00f3n ambiental como herramientas educativas. En la misma l\u00ednea se abordan actividades para el uso adecuado del tiempo libre, el fortalecimiento de lo actitudinal en la convivencia en torno a valores democr\u00e1ticos, el ejercicio de la ciudadan\u00eda a trav\u00e9s del juego, la comunicaci\u00f3n y la expresi\u00f3n art\u00edstica.<\/p>\n","protected":false},"excerpt":{"rendered":"<p>Estudiantes entrerrianos disfrutan de las Jornadas Educativas de Integraci\u00f3n, Convivencia e Intercambio Cultural, en el marco del Programa Turismo Educativo que articula el Consejo General de Educaci\u00f3n con otras \u00e1reas de gobierno &nbsp; &nbsp; &nbsp; &nbsp; La estad\u00eda sin cargo para los gurises se desarrolla desde el 21 al 27 de julio inclusive en Embalse R\u00edo Tercero, provincia de C\u00f3rdoba. &nbsp; En el marco del Programa Turismo Educativo, el Consejo General de Educaci\u00f3n, a trav\u00e9s de la Coordinaci\u00f3n de Pol\u00edticas Socioeducativas conjuntamente con la Direcci\u00f3n de Escuelas Rurales y de&#8230;<\/p>\n","protected":false},"author":3,"featured_media":14674,"comment_status":"closed","ping_status":"closed","sticky":false,"template":"","format":"standard","meta":[],"categories":[15],"tags":[],"_links":{"self":[{"href":"https:\/\/www.actualidadadiario.com\/index.php\/wp-json\/wp\/v2\/posts\/14673"}],"collection":[{"href":"https:\/\/www.actualidadadiario.com\/index.php\/wp-json\/wp\/v2\/posts"}],"about":[{"href":"https:\/\/www.actualidadadiario.com\/index.php\/wp-json\/wp\/v2\/types\/post"}],"author":[{"embeddable":true,"href":"https:\/\/www.actualidadadiario.com\/index.php\/wp-json\/wp\/v2\/users\/3"}],"replies":[{"embeddable":true,"href":"https:\/\/www.actualidadadiario.com\/index.php\/wp-json\/wp\/v2\/comments?post=14673"}],"version-history":[{"count":1,"href":"https:\/\/www.actualidadadiario.com\/index.php\/wp-json\/wp\/v2\/posts\/14673\/revisions"}],"predecessor-version":[{"id":14675,"href":"https:\/\/www.actualidadadiario.com\/index.php\/wp-json\/wp\/v2\/posts\/14673\/revisions\/14675"}],"wp:featuredmedia":[{"embeddable":true,"href":"https:\/\/www.actualidadadiario.com\/index.php\/wp-json\/wp\/v2\/media\/14674"}],"wp:attachment":[{"href":"https:\/\/www.actualidadadiario.com\/index.php\/wp-json\/wp\/v2\/media?parent=14673"}],"wp:term":[{"taxonomy":"category","embeddable":true,"href":"https:\/\/www.actualidadadiario.com\/index.php\/wp-json\/wp\/v2\/categories?post=14673"},{"taxonomy":"post_tag","embeddable":true,"href":"https:\/\/www.actualidadadiario.com\/index.php\/wp-json\/wp\/v2\/tags?post=14673"}],"curies":[{"name":"wp","href":"https:\/\/api.w.org\/{rel}","templated":true}]}}