{"id":14670,"date":"2017-07-25T09:57:50","date_gmt":"2017-07-25T12:57:50","guid":{"rendered":"http:\/\/actualidadadiario.com\/site\/?p=14670"},"modified":"2017-07-25T09:57:50","modified_gmt":"2017-07-25T12:57:50","slug":"bordet-convoco-a-la-unidad-para-hacer-grande-a-entre-rios","status":"publish","type":"post","link":"https:\/\/www.actualidadadiario.com\/index.php\/2017\/07\/25\/bordet-convoco-a-la-unidad-para-hacer-grande-a-entre-rios\/","title":{"rendered":"Bordet convoc\u00f3 a la unidad para \u201chacer grande a Entre R\u00edos\u201d"},"content":{"rendered":"<p><em><strong>\u201cNo puede haber ego\u00edsmo para construir una gran provincia. Convoco a la unidad por el trabajo fecundo para la provincia\u201d, fue el mensaje de Gustavo Bordet este lunes al inaugurar el museo regional de Aldea Spatzenkutter y compartir una jornada con los vecinos de esta localidad que cumple 139 a\u00f1os<\/strong><\/em><\/p>\n<p>&nbsp;<\/p>\n<p>&nbsp;<\/p>\n<p>&nbsp;<\/p>\n<p>&nbsp;<\/p>\n<p>&#8220;Tenemos que seguir trabajando todos juntos, cada uno defender\u00e1 sus ideas y convicciones en la contienda electoral, pero para trabajar tenemos que estar todos juntos porque los objetivos son los mismos. Uno de ellos es hacer grande a Entre R\u00edos y no podemos dividirnos\u201d, dijo el mandatario junto al presidente de la junta de gobierno, Juan Jos\u00e9 Lell. Tambi\u00e9n habilit\u00f3 el espacio recreativo Pueblos Conectados, para el acceso a las nuevas tecnolog\u00edas.<\/p>\n<p>&nbsp;<\/p>\n<p>\u201cPinta tu aldea y pintar\u00e1s el mundo\u201d, dijo el gobernador en el acto, citando al escritor ruso Le\u00f3n Tolst\u00f3i, y agreg\u00f3 que \u201cla inauguraci\u00f3n de este museo justamente tiene que ver con esto: es pintar la Aldea, pero pintar la Aldea con este museo que recuerda las tradiciones, a los fundadores, a toda una sucesi\u00f3n de generaciones que pusieron mucho esfuerzo\u201d.<\/p>\n<p>&nbsp;<\/p>\n<p>\u201cPero tambi\u00e9n lo pone en el mundo, porque esto que estamos haciendo hoy con la globalizaci\u00f3n, que tiene que ver con las redes, permite que se pueda ver en cualquier lugar del mundo. Y esto es lo bueno: poner en valor todo lo que tiene la provincia de Entre R\u00edos en corrientes inmigratorias que fueron fundacionales de esta provincia\u201d, manifest\u00f3 Bordet.<\/p>\n<p>&nbsp;<\/p>\n<p>El mandatario destac\u00f3: \u201cEl hecho de poder estar en el aniversario de la fundaci\u00f3n de la Aldea representa para m\u00ed un gran orgullo como entrerriano, como gobernador; y el estar inaugurando un museo hace que se rescaten los valores tradicionales y fundacionales, esta rica historia que tiene toda la inmigraci\u00f3n de los Alemanes del Volga que comenz\u00f3 hace m\u00e1s de 250 a\u00f1os\u201d.<\/p>\n<p>&nbsp;<\/p>\n<p>Hizo notar luego que \u201cen tiempos donde la globalizaci\u00f3n ha hecho que todos nos conectemos, curiosamente surgen los valores locales como para afianzarse, como para afirmarse. Se da este concepto de lo global, pero tambi\u00e9n de lo local, como un ida y vuelta, una empat\u00eda entre un concepto y el otro\u201d.<\/p>\n<p>&nbsp;<\/p>\n<p>&nbsp;<\/p>\n<p><strong>Orgullo<\/strong><\/p>\n<p>Por su parte, el presidente de la junta de gobierno, Juan Jos\u00e9 Lell, se\u00f1al\u00f3: &#8220;Para nosotros es un verdadero orgullo compartir con el gobernador este d\u00eda tan especial para todo nuestro pueblo, en el marco del 139\u00ba Aniversario&#8221;.<\/p>\n<p>&nbsp;<\/p>\n<p>\u201cEste d\u00eda lo venimos so\u00f1ando hace mucho tiempo en Aldea Spatzenkutter todos los vecinos. Hace un tiempo que se viene trabajando en este edificio para que pueda llegar a ser hoy lo que estamos inaugurando, ni m\u00e1s ni menos que la historia de nuestro pueblo, de nuestros antepasados \u2014cont\u00f3\u2014. Este edificio durante m\u00e1s de cinco d\u00e9cadas funcion\u00f3 como escuela, ac\u00e1 pasaron todos nuestros abuelos y much\u00edsimos antepasados y hoy estamos record\u00e1ndolos. Este edificio permaneci\u00f3 dormido durante 51 a\u00f1os\u201d.<\/p>\n<p>&nbsp;<\/p>\n<p>Luego agradeci\u00f3 al gobernador porque &#8220;siempre est\u00e1 presente en cada acto que hacemos en Spatzenkutter, en cada obra. Esto no se puede hacer solo\u201d.<\/p>\n<p>&nbsp;<\/p>\n<p>El jefe comunal afirm\u00f3: \u201cLa cultura es muy importante para nosotros, teniendo en cuenta que esta es una de las cinco aldeas madre de la provincia\u201d e hizo notar que \u201ceste no es un museo tradicional, sino que gracias al gobierno provincial hemos podido realizar dentro del ala oeste del edificio el programa Pueblos Conectados. Tenemos internet abierto y gratuito para toda la plaza, para todo el museo y para el sector lateral, donde est\u00e1 el Parque del Inmigrante; y nos estamos incluyendo dentro de Paran\u00e1 y sus aldeas en el turismo\u201d. Por \u00faltimo, agradeci\u00f3 \u201cal gobernador por todo lo que hizo, est\u00e1 haciendo y har\u00e1 por Spatzenkutter&#8221;.<\/p>\n<p>&nbsp;<\/p>\n<p>&nbsp;<\/p>\n<p><strong>Aportes<\/strong><\/p>\n<p>Durante el acto se hizo entrega de aportes por 154.000 pesos al municipio de la localidad, destinando 47.000 pesos para la adquisici\u00f3n de aparatos de gimnasia; 87.000 pesos para la adquisici\u00f3n de vitrinas para el museo regional; y 20.000 pesos para la recuperaci\u00f3n de un predio deportivo.<\/p>\n<p>&nbsp;<\/p>\n<p>Estuvieron presentes en el acto, adem\u00e1s, los diputados provinciales Juan Carlos Darrich\u00f3n y Jorge Monge; el titular del Consejo General de Educaci\u00f3n, Jos\u00e9 Luis Panozzo; el secretario de Cultura, Faustino Schiavoni; el secretario de Comunicaciones, Carlos Bilbao; la directora de Vialidad provincial, Alicia Benitez; la vicedirectora del Instituto Becario, Claudia Gieco; presidentes de juntas de gobierno vecinas y alumnos de escuelas de la zona.<\/p>\n<p>&nbsp;<\/p>\n<p>Durante el acto se inaugur\u00f3 el Museo Regional de Aldea Spatzenkutter \u201cNuestras Ra\u00edces Alemanas\u201d y el espacio recreativo Pueblos Conectados que tiene como objetivo promover la igualdad de oportunidades en el acceso a las nuevas tecnolog\u00edas de la informaci\u00f3n y las comunicaciones para favorecer la inclusi\u00f3n social y contribuir al desarrollo de las personas y sus comunidades.<\/p>\n","protected":false},"excerpt":{"rendered":"<p>\u201cNo puede haber ego\u00edsmo para construir una gran provincia. Convoco a la unidad por el trabajo fecundo para la provincia\u201d, fue el mensaje de Gustavo Bordet este lunes al inaugurar el museo regional de Aldea Spatzenkutter y compartir una jornada con los vecinos de esta localidad que cumple 139 a\u00f1os &nbsp; &nbsp; &nbsp; &nbsp; &#8220;Tenemos que seguir trabajando todos juntos, cada uno defender\u00e1 sus ideas y convicciones en la contienda electoral, pero para trabajar tenemos que estar todos juntos porque los objetivos son los mismos. Uno de ellos es hacer&#8230;<\/p>\n","protected":false},"author":3,"featured_media":14671,"comment_status":"closed","ping_status":"closed","sticky":false,"template":"","format":"standard","meta":[],"categories":[9,15],"tags":[],"_links":{"self":[{"href":"https:\/\/www.actualidadadiario.com\/index.php\/wp-json\/wp\/v2\/posts\/14670"}],"collection":[{"href":"https:\/\/www.actualidadadiario.com\/index.php\/wp-json\/wp\/v2\/posts"}],"about":[{"href":"https:\/\/www.actualidadadiario.com\/index.php\/wp-json\/wp\/v2\/types\/post"}],"author":[{"embeddable":true,"href":"https:\/\/www.actualidadadiario.com\/index.php\/wp-json\/wp\/v2\/users\/3"}],"replies":[{"embeddable":true,"href":"https:\/\/www.actualidadadiario.com\/index.php\/wp-json\/wp\/v2\/comments?post=14670"}],"version-history":[{"count":1,"href":"https:\/\/www.actualidadadiario.com\/index.php\/wp-json\/wp\/v2\/posts\/14670\/revisions"}],"predecessor-version":[{"id":14672,"href":"https:\/\/www.actualidadadiario.com\/index.php\/wp-json\/wp\/v2\/posts\/14670\/revisions\/14672"}],"wp:featuredmedia":[{"embeddable":true,"href":"https:\/\/www.actualidadadiario.com\/index.php\/wp-json\/wp\/v2\/media\/14671"}],"wp:attachment":[{"href":"https:\/\/www.actualidadadiario.com\/index.php\/wp-json\/wp\/v2\/media?parent=14670"}],"wp:term":[{"taxonomy":"category","embeddable":true,"href":"https:\/\/www.actualidadadiario.com\/index.php\/wp-json\/wp\/v2\/categories?post=14670"},{"taxonomy":"post_tag","embeddable":true,"href":"https:\/\/www.actualidadadiario.com\/index.php\/wp-json\/wp\/v2\/tags?post=14670"}],"curies":[{"name":"wp","href":"https:\/\/api.w.org\/{rel}","templated":true}]}}