{"id":14666,"date":"2017-07-24T10:58:11","date_gmt":"2017-07-24T13:58:11","guid":{"rendered":"http:\/\/actualidadadiario.com\/site\/?p=14666"},"modified":"2017-07-24T10:58:11","modified_gmt":"2017-07-24T13:58:11","slug":"en-paraguay-calculan-que-las-heladas-provocaron-perdidas-en-el-90-de-los-cultivos","status":"publish","type":"post","link":"https:\/\/www.actualidadadiario.com\/index.php\/2017\/07\/24\/en-paraguay-calculan-que-las-heladas-provocaron-perdidas-en-el-90-de-los-cultivos\/","title":{"rendered":"En Paraguay calculan que las heladas provocaron p\u00e9rdidas en el 90 % de los cultivos"},"content":{"rendered":"<p><em><strong>Seg\u00fan las cifras que dio a conocer el viceministro de Ganader\u00eda, Marcos Medina, las bajas temperaturas generaron da\u00f1os en las \u00e1reas de producci\u00f3n agr\u00edcola. Ahora eval\u00faan como iniciar el proceso de recuperaci\u00f3n en la parte productiva. Las temperaturas por debajo de los cero grados que se registraron la semana pasada afectaron los cultivos de los peque\u00f1os y medianos productores de Paraguay<\/strong><\/em><\/p>\n<p>&nbsp;<\/p>\n<p>&nbsp;<\/p>\n<p>&nbsp;<\/p>\n<p>&nbsp;<\/p>\n<p>&nbsp;<\/p>\n<p>Aunque a\u00fan no se ha terminado el diagn\u00f3stico de los da\u00f1os, el diario \u00daltima Hora publica este domingo declaraciones del viceministro de Ganader\u00eda, Marcos Medina, quien aventur\u00f3 que a consecuencia de las \u00faltimas heladas se tienen p\u00e9rdidas en m\u00e1s del 90% de los cultivos. Desde el Gobierno est\u00e1n evaluando la situaci\u00f3n para luego iniciar el proceso de recuperaci\u00f3n en la parte productiva.<\/p>\n<p>&nbsp;<\/p>\n<p>El funcionario confirm\u00f3 que hay zonas con alto nivel de p\u00e9rdidas y otras en las que el efecto de la helada se sum\u00f3 a una inundaci\u00f3n previa. Tambi\u00e9n dio a conocer la intenci\u00f3n gubernamental de lograr un seguro agr\u00edcola para prever problemas clim\u00e1ticos y otras dificultades.<\/p>\n<p>&nbsp;<\/p>\n<p>El mi\u00e9rcoles, el diario Abc hab\u00eda dado a conocer el intento desesperado de un productor del departamento de Paraguari, quien protegi\u00f3 su cultivo de sand\u00eda de las inclemencias de la helada utilizando vasitos de pl\u00e1stico.<\/p>\n","protected":false},"excerpt":{"rendered":"<p>Seg\u00fan las cifras que dio a conocer el viceministro de Ganader\u00eda, Marcos Medina, las bajas temperaturas generaron da\u00f1os en las \u00e1reas de producci\u00f3n agr\u00edcola. Ahora eval\u00faan como iniciar el proceso de recuperaci\u00f3n en la parte productiva. Las temperaturas por debajo de los cero grados que se registraron la semana pasada afectaron los cultivos de los peque\u00f1os y medianos productores de Paraguay &nbsp; &nbsp; &nbsp; &nbsp; &nbsp; Aunque a\u00fan no se ha terminado el diagn\u00f3stico de los da\u00f1os, el diario \u00daltima Hora publica este domingo declaraciones del viceministro de Ganader\u00eda, Marcos&#8230;<\/p>\n","protected":false},"author":3,"featured_media":14667,"comment_status":"closed","ping_status":"closed","sticky":false,"template":"","format":"standard","meta":[],"categories":[4],"tags":[],"_links":{"self":[{"href":"https:\/\/www.actualidadadiario.com\/index.php\/wp-json\/wp\/v2\/posts\/14666"}],"collection":[{"href":"https:\/\/www.actualidadadiario.com\/index.php\/wp-json\/wp\/v2\/posts"}],"about":[{"href":"https:\/\/www.actualidadadiario.com\/index.php\/wp-json\/wp\/v2\/types\/post"}],"author":[{"embeddable":true,"href":"https:\/\/www.actualidadadiario.com\/index.php\/wp-json\/wp\/v2\/users\/3"}],"replies":[{"embeddable":true,"href":"https:\/\/www.actualidadadiario.com\/index.php\/wp-json\/wp\/v2\/comments?post=14666"}],"version-history":[{"count":1,"href":"https:\/\/www.actualidadadiario.com\/index.php\/wp-json\/wp\/v2\/posts\/14666\/revisions"}],"predecessor-version":[{"id":14668,"href":"https:\/\/www.actualidadadiario.com\/index.php\/wp-json\/wp\/v2\/posts\/14666\/revisions\/14668"}],"wp:featuredmedia":[{"embeddable":true,"href":"https:\/\/www.actualidadadiario.com\/index.php\/wp-json\/wp\/v2\/media\/14667"}],"wp:attachment":[{"href":"https:\/\/www.actualidadadiario.com\/index.php\/wp-json\/wp\/v2\/media?parent=14666"}],"wp:term":[{"taxonomy":"category","embeddable":true,"href":"https:\/\/www.actualidadadiario.com\/index.php\/wp-json\/wp\/v2\/categories?post=14666"},{"taxonomy":"post_tag","embeddable":true,"href":"https:\/\/www.actualidadadiario.com\/index.php\/wp-json\/wp\/v2\/tags?post=14666"}],"curies":[{"name":"wp","href":"https:\/\/api.w.org\/{rel}","templated":true}]}}