{"id":14663,"date":"2017-07-24T10:57:21","date_gmt":"2017-07-24T13:57:21","guid":{"rendered":"http:\/\/actualidadadiario.com\/site\/?p=14663"},"modified":"2017-07-24T10:57:21","modified_gmt":"2017-07-24T13:57:21","slug":"el-vaticano-espera-que-la-visita-del-papa-a-chile-deje-un-legado-para-los-proximos-anos","status":"publish","type":"post","link":"https:\/\/www.actualidadadiario.com\/index.php\/2017\/07\/24\/el-vaticano-espera-que-la-visita-del-papa-a-chile-deje-un-legado-para-los-proximos-anos\/","title":{"rendered":"El Vaticano espera que la visita del Papa a Chile &#8220;deje un legado para los pr\u00f3ximos a\u00f1os&#8221;"},"content":{"rendered":"<p><em><strong>El Vaticano espera que el viaje que el papa Francisco har\u00e1 en enero a Chile deje &#8220;un legado para los pr\u00f3ximos a\u00f1os&#8221;, en un contexto en el que resaltan la &#8220;mirada de la cultura del encuentro&#8221; que tendr\u00e1 la visita, para la que una avanzada vaticana analiz\u00f3 este fin de semana los escenarios de los &#8220;tres eventos multitudinarios&#8221; que habr\u00e1 en las otras tantas ciudades que recorrer\u00e1 el Pont\u00edfice<\/strong><\/em><\/p>\n<p>&nbsp;<\/p>\n<p>&nbsp;<\/p>\n<p>&nbsp;<\/p>\n<p>&nbsp;<\/p>\n<p>&#8220;El legado de la visita de Francisco ser\u00e1 lo importante, pensando que la vigencia de la de Juan Pablo II en 1987 a\u00fan sigue siendo importante. Queremos que se proyecte para adelante, para los pr\u00f3ximos a\u00f1os&#8221;, dijo este lunes Javier Peralta, director ejecutivo de la visita pastoral que Francisco har\u00e1 a Chile entre el 15 y el 18 de enero pr\u00f3ximos.<\/p>\n<p>&nbsp;<\/p>\n<p>&#8220;Estamos trabajando en dos comisiones: una relativa a la visita como jefe de Estado y la otra desde la Iglesia para la parte pastoral. Y lo estamos haciendo coordinadamente, especialmente en dos ejes: log\u00edstica y seguridad&#8221;, apunt\u00f3 en una entrevista con T\u00e9lam.<\/p>\n<p>&nbsp;<\/p>\n<p>Si bien el programa est\u00e1 &#8220;en preparaci\u00f3n&#8221;, Peralta confirm\u00f3 que habr\u00e1 &#8220;tres encuentros masivos&#8221;, uno en cada una de las ciudades que recorrer\u00e1 el Pont\u00edfice: en Santiago el 16 de enero; en Temuco, al sur del pa\u00eds, el 17; y en Iquique, en el norte, el 18, desde donde partir\u00e1 para continuar su viaje apost\u00f3lico hacia Per\u00fa.<\/p>\n","protected":false},"excerpt":{"rendered":"<p>El Vaticano espera que el viaje que el papa Francisco har\u00e1 en enero a Chile deje &#8220;un legado para los pr\u00f3ximos a\u00f1os&#8221;, en un contexto en el que resaltan la &#8220;mirada de la cultura del encuentro&#8221; que tendr\u00e1 la visita, para la que una avanzada vaticana analiz\u00f3 este fin de semana los escenarios de los &#8220;tres eventos multitudinarios&#8221; que habr\u00e1 en las otras tantas ciudades que recorrer\u00e1 el Pont\u00edfice &nbsp; &nbsp; &nbsp; &nbsp; &#8220;El legado de la visita de Francisco ser\u00e1 lo importante, pensando que la vigencia de la de&#8230;<\/p>\n","protected":false},"author":3,"featured_media":14664,"comment_status":"closed","ping_status":"closed","sticky":false,"template":"","format":"standard","meta":[],"categories":[4],"tags":[],"_links":{"self":[{"href":"https:\/\/www.actualidadadiario.com\/index.php\/wp-json\/wp\/v2\/posts\/14663"}],"collection":[{"href":"https:\/\/www.actualidadadiario.com\/index.php\/wp-json\/wp\/v2\/posts"}],"about":[{"href":"https:\/\/www.actualidadadiario.com\/index.php\/wp-json\/wp\/v2\/types\/post"}],"author":[{"embeddable":true,"href":"https:\/\/www.actualidadadiario.com\/index.php\/wp-json\/wp\/v2\/users\/3"}],"replies":[{"embeddable":true,"href":"https:\/\/www.actualidadadiario.com\/index.php\/wp-json\/wp\/v2\/comments?post=14663"}],"version-history":[{"count":1,"href":"https:\/\/www.actualidadadiario.com\/index.php\/wp-json\/wp\/v2\/posts\/14663\/revisions"}],"predecessor-version":[{"id":14665,"href":"https:\/\/www.actualidadadiario.com\/index.php\/wp-json\/wp\/v2\/posts\/14663\/revisions\/14665"}],"wp:featuredmedia":[{"embeddable":true,"href":"https:\/\/www.actualidadadiario.com\/index.php\/wp-json\/wp\/v2\/media\/14664"}],"wp:attachment":[{"href":"https:\/\/www.actualidadadiario.com\/index.php\/wp-json\/wp\/v2\/media?parent=14663"}],"wp:term":[{"taxonomy":"category","embeddable":true,"href":"https:\/\/www.actualidadadiario.com\/index.php\/wp-json\/wp\/v2\/categories?post=14663"},{"taxonomy":"post_tag","embeddable":true,"href":"https:\/\/www.actualidadadiario.com\/index.php\/wp-json\/wp\/v2\/tags?post=14663"}],"curies":[{"name":"wp","href":"https:\/\/api.w.org\/{rel}","templated":true}]}}