{"id":14657,"date":"2017-07-24T10:55:49","date_gmt":"2017-07-24T13:55:49","guid":{"rendered":"http:\/\/actualidadadiario.com\/site\/?p=14657"},"modified":"2017-07-24T10:55:49","modified_gmt":"2017-07-24T13:55:49","slug":"mas-de-3-mil-chicos-perdieron-a-sus-madres-por-femicidios-en-menos-de-una-decada","status":"publish","type":"post","link":"https:\/\/www.actualidadadiario.com\/index.php\/2017\/07\/24\/mas-de-3-mil-chicos-perdieron-a-sus-madres-por-femicidios-en-menos-de-una-decada\/","title":{"rendered":"M\u00e1s de 3 mil chicos perdieron a sus madres por femicidios en menos de una d\u00e9cada"},"content":{"rendered":"<p><em><strong>Los femicidios dejaron sin madre a 3.158 ni\u00f1os y adolescentes en todo el pa\u00eds desde 2008 hasta el primer semestre de este a\u00f1o, es decir que en menos de una d\u00e9cada casi todos los d\u00edas alg\u00fan chico qued\u00f3 sin su mam\u00e1, asesinada en hechos de violencia de g\u00e9nero, seg\u00fan cifras del Observatorio de Femicidios de la organizaci\u00f3n civil La Casa del Encuentro. En el 63% de esos casos est\u00e1n involucrados menores de 18 a\u00f1os (2.012 ni\u00f1os y adolescentes), advirti\u00f3 Ada Rico, quien preside esa ONG<\/strong><\/em><\/p>\n<p>&nbsp;<\/p>\n<p>&nbsp;<\/p>\n<p>&nbsp;<\/p>\n<p>&nbsp;<\/p>\n<p>&#8220;El femicidio es la \u00faltima y m\u00e1s grave instancia de la violencia de g\u00e9nero, casi siempre precedida por violencia dom\u00e9stica, amenazas y maltratos en todas sus variantes, un c\u00edrculo que suele tener cautivos durante muchos a\u00f1os a los hijos, quienes, aunque no reciban golpes, siempre resultan agredidos por la situaci\u00f3n que se vive en su casa y la victimizaci\u00f3n de su mam\u00e1&#8221;, explic\u00f3 Rico.<\/p>\n<p>&nbsp;<\/p>\n<p>Este a\u00f1o, s\u00f3lo en el primer semestre, 239 hijas e hijos perdieron a su mam\u00e1. De ellos, 153 ten\u00edan menos de 18 a\u00f1os cuando ocurrieron los cr\u00edmenes.<\/p>\n<p>&nbsp;<\/p>\n<p>En 2016, el Consejo de los Derechos de Ni\u00f1os, Ni\u00f1as y Adolescentes intervino en 29.839 casos registrados en la Capital Federal, de los cuales la mitad estuvo relacionado con situaciones de violencia y, de ellos, el 25% fueron graves. Adem\u00e1s, el 40% del total de llamados recibidos en la l\u00ednea telef\u00f3nica gratuita 102 del Consejo, que funciona las 24 horas, correspondi\u00f3 a &#8220;alguna situaci\u00f3n de maltrato f\u00edsico, psicol\u00f3gico u otra forma de violencia sufrida por menores de 18 a\u00f1os&#8221;.<\/p>\n<p>&nbsp;<\/p>\n<p>&#8220;Hay que abandonar la creencia que ubica a las situaciones de maltrato infanto-juvenil en la \u00f3rbita privada de las familias; son actos que lesionan los derechos de los chicos y deben poner en alerta a toda la sociedad&#8221;, reflexion\u00f3 Karina Leguizam\u00f3n, titular del consejo.<\/p>\n<p>&nbsp;<\/p>\n<p>El coordinador de la unidad t\u00e9cnica especializada en Maltrato Infanto-juvenil del Consejo, Mauro Pineli, explic\u00f3 a T\u00e9lam que es com\u00fan que los chicos inmersos en situaciones de maltrato dom\u00e9stico terminen &#8220;identific\u00e1ndose con la v\u00edctima o con el agresor&#8221;, porque esas experiencias &#8220;condicionan el modo en que los ni\u00f1os construyen su subjetividad&#8221;.<\/p>\n<p>&nbsp;<\/p>\n<p>La violencia deja &#8220;huellas&#8221; y las secuelas pueden ir desde problemas para dormir, de aprendizaje y miedos hasta dificultades para relacionarse con sus pares, reacciones exageradas o, por el contrario, poca capacidad de autodefensa. En los casos extremos, como los femicidios, adem\u00e1s de perder a su madre, el padre &#8220;queda destituido de su funci\u00f3n de padre&#8221; a los ojos de los ni\u00f1os.<\/p>\n<p>&nbsp;<\/p>\n<p>Mar\u00eda Eva Sanz, coordinadora del Grupo Buenos Ayres, dispositivo de rehabilitaci\u00f3n para hombres violentos, declar\u00f3 que &#8220;generalmente existe una gran distancia emocional entre los varones que cumplen al pie de la letra el mandato patriarcal, y sus hijos&#8221;.<\/p>\n<p>&nbsp;<\/p>\n<p>&#8220;Pap\u00e1 empez\u00f3 a matar a mam\u00e1 y yo baj\u00e9 corriendo por las escaleras&#8221;, cont\u00f3 en c\u00e1mara Gesell el hijo de 9 a\u00f1os de Elke Yvars Beck, asesinada de 40 pu\u00f1aladas en diciembre de 2015 por su exmarido, Claudio L\u00f3pez Rossi. Por ese femicidio la Justicia conden\u00f3 este a\u00f1o a prisi\u00f3n perpetua a L\u00f3pez Rossi y los psic\u00f3logos que declararon como testigos explicaron que los ni\u00f1os tambi\u00e9n &#8220;son v\u00edctimas de la violencia de g\u00e9nero&#8221; que sufren sus madres.<\/p>\n<p>&nbsp;<\/p>\n<p>&#8220;Presencian la violencia entre sus padres o simplemente viven en un entorno donde las relaciones violentas y el abuso de poder -que justifica, legitima y desencadena la violencia- es parte de las relaciones afectivas y personales. Por eso, internalizan un modelo negativo de relaci\u00f3n que da\u00f1a su desarrollo&#8221;, argumentaron.<\/p>\n<p>&nbsp;<\/p>\n<p>Este a\u00f1o, el Congreso convirti\u00f3 en ley una modificaci\u00f3n al C\u00f3digo Civil que establece que quedan privados de la responsabilidad parental quienes son condenados por delitos de violencia de g\u00e9nero o que atenten contra la integridad sexual. Hasta ahora, un hombre acusado de femicidio perd\u00eda la patria potestad reci\u00e9n cuando la condena estuviera firme y, a veces, ni siquiera en esa instancia, como por ejemplo en el caso emblem\u00e1tico de Rosana Galliano.<\/p>\n<p>&nbsp;<\/p>\n<p>Jos\u00e9 Arce mand\u00f3 a matar a su exmujer, Galliano, en el 2008, con la ayuda de su madre, Elsa Aguilar, seg\u00fan dictamin\u00f3 la Justicia. Los hijos de ambos, que entonces ten\u00edan 3 y 4 a\u00f1os, permanecieron viviendo junto a Arce, beneficiado con prisi\u00f3n domiciliaria, y con su abuela paterna, pese a los infructuosos intentos de la familia materna por conseguir la tenencia.<\/p>\n<p>&nbsp;<\/p>\n<p>Los servicios de Protecci\u00f3n de la Ni\u00f1ez de la Naci\u00f3n y de la provincia de Buenos Aires presentaron varios pedidos para que los ni\u00f1os fueran a vivir con los padres de Rosana, pero el juez de familia de San Isidro Carlos Ruiz nunca contest\u00f3, ni siquiera cuando la Corte Suprema dej\u00f3 firme la condena a prisi\u00f3n perpetua para Arce y su madre.<\/p>\n<p>&nbsp;<\/p>\n<p>&#8220;Se inscribe en el patriarcado que regula de manera invisible y naturaliza mitos y prejuicios a la hora de pensar el abordaje de lo familiar&#8221;, opin\u00f3 Pineli.<\/p>\n<p>&nbsp;<\/p>\n<p>Para la titular del Consejo Nacional de los Derechos de las Mujeres, Fabiana T\u00fa\u00f1ez, &#8220;hay una mala interpretaci\u00f3n de los derechos del ni\u00f1o: los jueces apuntan a que el ni\u00f1o no pierda la vinculaci\u00f3n con el padre desde un desconocimiento absoluto de lo que significa convivir con un padre violento, que adem\u00e1s mat\u00f3 a la madre&#8221;.<\/p>\n<p>&nbsp;<\/p>\n<p>El Congreso viene dando pasos hacia un cambio cultural en materia de violencia de g\u00e9nero. El Senado tiene previsto debatir un proyecto para que el Estado otorgue una reparaci\u00f3n econ\u00f3mica a hijos de v\u00edctimas de femicidio (ley Brisa), que incluye tambi\u00e9n una cobertura de salud integral.<\/p>\n<p>&nbsp;<\/p>\n<p>Adem\u00e1s, en junio \u00faltimo, la C\u00e1mara de Diputados convirti\u00f3 en ley la creaci\u00f3n de centros de protecci\u00f3n a las v\u00edctimas de delitos, que deber\u00e1n estar abiertos las 24 horas. Se estableci\u00f3, adem\u00e1s, que las v\u00edctimas podr\u00e1n presenciar las declaraciones de testigos y ser\u00e1n notificadas de los beneficios que reciban los imputados o condenados por sus casos.<\/p>\n","protected":false},"excerpt":{"rendered":"<p>Los femicidios dejaron sin madre a 3.158 ni\u00f1os y adolescentes en todo el pa\u00eds desde 2008 hasta el primer semestre de este a\u00f1o, es decir que en menos de una d\u00e9cada casi todos los d\u00edas alg\u00fan chico qued\u00f3 sin su mam\u00e1, asesinada en hechos de violencia de g\u00e9nero, seg\u00fan cifras del Observatorio de Femicidios de la organizaci\u00f3n civil La Casa del Encuentro. En el 63% de esos casos est\u00e1n involucrados menores de 18 a\u00f1os (2.012 ni\u00f1os y adolescentes), advirti\u00f3 Ada Rico, quien preside esa ONG &nbsp; &nbsp; &nbsp; &nbsp; &#8220;El&#8230;<\/p>\n","protected":false},"author":3,"featured_media":14658,"comment_status":"closed","ping_status":"closed","sticky":false,"template":"","format":"standard","meta":[],"categories":[4],"tags":[],"_links":{"self":[{"href":"https:\/\/www.actualidadadiario.com\/index.php\/wp-json\/wp\/v2\/posts\/14657"}],"collection":[{"href":"https:\/\/www.actualidadadiario.com\/index.php\/wp-json\/wp\/v2\/posts"}],"about":[{"href":"https:\/\/www.actualidadadiario.com\/index.php\/wp-json\/wp\/v2\/types\/post"}],"author":[{"embeddable":true,"href":"https:\/\/www.actualidadadiario.com\/index.php\/wp-json\/wp\/v2\/users\/3"}],"replies":[{"embeddable":true,"href":"https:\/\/www.actualidadadiario.com\/index.php\/wp-json\/wp\/v2\/comments?post=14657"}],"version-history":[{"count":1,"href":"https:\/\/www.actualidadadiario.com\/index.php\/wp-json\/wp\/v2\/posts\/14657\/revisions"}],"predecessor-version":[{"id":14659,"href":"https:\/\/www.actualidadadiario.com\/index.php\/wp-json\/wp\/v2\/posts\/14657\/revisions\/14659"}],"wp:featuredmedia":[{"embeddable":true,"href":"https:\/\/www.actualidadadiario.com\/index.php\/wp-json\/wp\/v2\/media\/14658"}],"wp:attachment":[{"href":"https:\/\/www.actualidadadiario.com\/index.php\/wp-json\/wp\/v2\/media?parent=14657"}],"wp:term":[{"taxonomy":"category","embeddable":true,"href":"https:\/\/www.actualidadadiario.com\/index.php\/wp-json\/wp\/v2\/categories?post=14657"},{"taxonomy":"post_tag","embeddable":true,"href":"https:\/\/www.actualidadadiario.com\/index.php\/wp-json\/wp\/v2\/tags?post=14657"}],"curies":[{"name":"wp","href":"https:\/\/api.w.org\/{rel}","templated":true}]}}