{"id":14648,"date":"2017-07-24T10:53:13","date_gmt":"2017-07-24T13:53:13","guid":{"rendered":"http:\/\/actualidadadiario.com\/site\/?p=14648"},"modified":"2017-07-24T10:53:13","modified_gmt":"2017-07-24T13:53:13","slug":"de-cara-a-las-paso-arranca-la-campana-electoral-en-la-television-y-la-radio","status":"publish","type":"post","link":"https:\/\/www.actualidadadiario.com\/index.php\/2017\/07\/24\/de-cara-a-las-paso-arranca-la-campana-electoral-en-la-television-y-la-radio\/","title":{"rendered":"De cara a las PASO: arranca la campa\u00f1a electoral en la televisi\u00f3n y la radio"},"content":{"rendered":"<p><em><strong>A partir de este lunes, y hasta el 11 de agosto que es la fecha en que inicia la veda electoral, las distintas agrupaciones podr\u00e1n hacer uso de su espacio publicitario en los medios audiovisuales<\/strong><\/em><\/p>\n<p>&nbsp;<\/p>\n<p>&nbsp;<\/p>\n<p>&nbsp;<\/p>\n<p>&nbsp;<\/p>\n<p>Seg\u00fan inform\u00f3 el Ministerio del Interior, este lunes a las 7 de la ma\u00f1ana comienza la difusi\u00f3n de publicidad de campa\u00f1a electoral en canales de televisi\u00f3n y emisoras de radio, de cara a las elecciones Primarias, Abiertas, Simult\u00e1neas y Obligatorias (PASO) del 13 de agosto.<\/p>\n<p>&nbsp;<\/p>\n<p>La cartera que conduce Rogelio Frigerio explic\u00f3 que &#8220;todos los medios est\u00e1n obligados a ceder el 10 por ciento del tiempo de su programaci\u00f3n para fines electorales, seg\u00fan lo establecido por la Ley 26.571 de Democratizaci\u00f3n de la Representaci\u00f3n Pol\u00edtica, la Transparencia y la Equidad Electoral&#8221;.<\/p>\n<p>&nbsp;<\/p>\n<p>&#8220;La publicidad se desarrollar\u00e1 durante los 18 d\u00edas previos al acto electoral del 13 de agosto que, seg\u00fan el cronograma establecido, se extender\u00e1 hasta el 11 de agosto, cuando se iniciar\u00e1 la veda electoral&#8221;, puntualiz\u00f3 el Ministerio.<\/p>\n<p>&nbsp;<\/p>\n<p>La difusi\u00f3n de los spots publicitarios se realizar\u00e1 de acuerdo con el &#8220;Sorteo P\u00fablico de Espacios Publicitarios para la Campa\u00f1a Electoral por el cual se adjudicaron espacios publicitarios en 2.706 medios de todo el pa\u00eds: 1.869 radios AM y FM y 837 servicios de cable y TV abierta&#8221;, complet\u00f3.<\/p>\n<p>&nbsp;<\/p>\n<p>En este contexto, el frente Unidad Ciudadana de la provincia de Buenos Aires que lidera la precandidata a senadora y expresidenta Cristina Fern\u00e1ndez de Kirchner, present\u00f3 este domingo el primer spot oficial de campa\u00f1a.<\/p>\n","protected":false},"excerpt":{"rendered":"<p>A partir de este lunes, y hasta el 11 de agosto que es la fecha en que inicia la veda electoral, las distintas agrupaciones podr\u00e1n hacer uso de su espacio publicitario en los medios audiovisuales &nbsp; &nbsp; &nbsp; &nbsp; Seg\u00fan inform\u00f3 el Ministerio del Interior, este lunes a las 7 de la ma\u00f1ana comienza la difusi\u00f3n de publicidad de campa\u00f1a electoral en canales de televisi\u00f3n y emisoras de radio, de cara a las elecciones Primarias, Abiertas, Simult\u00e1neas y Obligatorias (PASO) del 13 de agosto. &nbsp; La cartera que conduce Rogelio&#8230;<\/p>\n","protected":false},"author":3,"featured_media":14649,"comment_status":"closed","ping_status":"closed","sticky":false,"template":"","format":"standard","meta":[],"categories":[9,18],"tags":[],"_links":{"self":[{"href":"https:\/\/www.actualidadadiario.com\/index.php\/wp-json\/wp\/v2\/posts\/14648"}],"collection":[{"href":"https:\/\/www.actualidadadiario.com\/index.php\/wp-json\/wp\/v2\/posts"}],"about":[{"href":"https:\/\/www.actualidadadiario.com\/index.php\/wp-json\/wp\/v2\/types\/post"}],"author":[{"embeddable":true,"href":"https:\/\/www.actualidadadiario.com\/index.php\/wp-json\/wp\/v2\/users\/3"}],"replies":[{"embeddable":true,"href":"https:\/\/www.actualidadadiario.com\/index.php\/wp-json\/wp\/v2\/comments?post=14648"}],"version-history":[{"count":1,"href":"https:\/\/www.actualidadadiario.com\/index.php\/wp-json\/wp\/v2\/posts\/14648\/revisions"}],"predecessor-version":[{"id":14650,"href":"https:\/\/www.actualidadadiario.com\/index.php\/wp-json\/wp\/v2\/posts\/14648\/revisions\/14650"}],"wp:featuredmedia":[{"embeddable":true,"href":"https:\/\/www.actualidadadiario.com\/index.php\/wp-json\/wp\/v2\/media\/14649"}],"wp:attachment":[{"href":"https:\/\/www.actualidadadiario.com\/index.php\/wp-json\/wp\/v2\/media?parent=14648"}],"wp:term":[{"taxonomy":"category","embeddable":true,"href":"https:\/\/www.actualidadadiario.com\/index.php\/wp-json\/wp\/v2\/categories?post=14648"},{"taxonomy":"post_tag","embeddable":true,"href":"https:\/\/www.actualidadadiario.com\/index.php\/wp-json\/wp\/v2\/tags?post=14648"}],"curies":[{"name":"wp","href":"https:\/\/api.w.org\/{rel}","templated":true}]}}