{"id":14645,"date":"2017-07-24T10:52:31","date_gmt":"2017-07-24T13:52:31","guid":{"rendered":"http:\/\/actualidadadiario.com\/site\/?p=14645"},"modified":"2017-07-24T10:52:31","modified_gmt":"2017-07-24T13:52:31","slug":"chaco-el-peronismo-vencio-a-cambiemos-en-comicios-provinciales","status":"publish","type":"post","link":"https:\/\/www.actualidadadiario.com\/index.php\/2017\/07\/24\/chaco-el-peronismo-vencio-a-cambiemos-en-comicios-provinciales\/","title":{"rendered":"Chaco: el peronismo venci\u00f3 a Cambiemos en comicios provinciales"},"content":{"rendered":"<p><em><strong>El frente electoral del Partido Justicialista gan\u00f3 la elecci\u00f3n legislativa de Chaco en una jornada marcada por el ausentismo de m\u00e1s de un tercio de los 908.073 electores<\/strong><\/em><\/p>\n<p>&nbsp;<\/p>\n<p>&nbsp;<\/p>\n<p>&nbsp;<\/p>\n<p>&nbsp;<\/p>\n<p>Con el 99,74 de las mesas escrutadas el Frente Chaco Merece M\u00e1s liderado por el gobernador Domingo Peppo obtuvo el 46,23 por ciento de los votos que le permiti\u00f3 lograr nueve de las diez bancas que renov\u00f3.<\/p>\n<p>&nbsp;<\/p>\n<p>La alianza Cambiemos alcanz\u00f3 34,10 por ciento para mantener las 6 bancas que deb\u00eda renovar y la sorpresa fue que el Partido Obrero obtuviera un esca\u00f1o con el 5,72 por ciento de los sufragios.<\/p>\n<p>&nbsp;<\/p>\n<p>En el recuento final el Frente Chaco Merece M\u00e1s que lidera el gobernador Domingo Peppo perdi\u00f3 una de las diez bancas que deb\u00eda renovar y Cambiemos volvi\u00f3 a ganar en Resistencia, el municipio donde es intendente al ex jefe de Gabinete, Jorge Capitanich.<\/p>\n<p>&nbsp;<\/p>\n<p>El 3,82 por ciento que perdi\u00f3 el oficialismo increment\u00f3 el caudal de votos de las listas de Cambiemos, el Partido Obrero y del Frente Grande que superaron los resultados obtenidos en las elecciones primarias provinciales del 4 de junio.<\/p>\n<p>&nbsp;<\/p>\n<p>En su balance el gobernador Peppo destac\u00f3 &#8220;el gran mensaje&#8221; que dio el pueblo chaque\u00f1o porque se mostr\u00f3 &#8220;el valor que tiene el Partido Justicialista y el Frente Chaco Merece M\u00e1s y la posibilidad de construir frentes que generan en la gente la confianza para gestionar el Estado&#8221;.<\/p>\n<p>&nbsp;<\/p>\n<p>En tanto que el intendente Capitanich dijo que en Cambiemos &#8220;hay una enorme propensi\u00f3n a festejar hasta las elecciones que pierde&#8221; y no consider\u00f3 que la de hoy fue una elecci\u00f3n en la cual se haya disputado el distrito de Resistencia.<\/p>\n<p>&nbsp;<\/p>\n<p>El primer diputado electo de Cambiemos, Carim Peche, dijo que &#8220;se plebiscit\u00f3 la gesti\u00f3n Peppo&#8221; en la que &#8220;se demostr\u00f3 que lo ha acompa\u00f1ado solo el 25% del electorado&#8221;, que tambi\u00e9n &#8220;es decir que el 75% no aprueba su gesti\u00f3n&#8221;.<\/p>\n<p>&nbsp;<\/p>\n<p>&#8220;Hoy los resistencianos volvieron a demostrar que quieren vivir mejor, que quieren sumarse al cambio, que se puede tener una provincia para todos&#8221;, dijo Leandro Zdero, el dirigente capitalino de Cambiemos.<\/p>\n","protected":false},"excerpt":{"rendered":"<p>El frente electoral del Partido Justicialista gan\u00f3 la elecci\u00f3n legislativa de Chaco en una jornada marcada por el ausentismo de m\u00e1s de un tercio de los 908.073 electores &nbsp; &nbsp; &nbsp; &nbsp; Con el 99,74 de las mesas escrutadas el Frente Chaco Merece M\u00e1s liderado por el gobernador Domingo Peppo obtuvo el 46,23 por ciento de los votos que le permiti\u00f3 lograr nueve de las diez bancas que renov\u00f3. &nbsp; La alianza Cambiemos alcanz\u00f3 34,10 por ciento para mantener las 6 bancas que deb\u00eda renovar y la sorpresa fue que&#8230;<\/p>\n","protected":false},"author":3,"featured_media":14646,"comment_status":"closed","ping_status":"closed","sticky":false,"template":"","format":"standard","meta":[],"categories":[18],"tags":[],"_links":{"self":[{"href":"https:\/\/www.actualidadadiario.com\/index.php\/wp-json\/wp\/v2\/posts\/14645"}],"collection":[{"href":"https:\/\/www.actualidadadiario.com\/index.php\/wp-json\/wp\/v2\/posts"}],"about":[{"href":"https:\/\/www.actualidadadiario.com\/index.php\/wp-json\/wp\/v2\/types\/post"}],"author":[{"embeddable":true,"href":"https:\/\/www.actualidadadiario.com\/index.php\/wp-json\/wp\/v2\/users\/3"}],"replies":[{"embeddable":true,"href":"https:\/\/www.actualidadadiario.com\/index.php\/wp-json\/wp\/v2\/comments?post=14645"}],"version-history":[{"count":1,"href":"https:\/\/www.actualidadadiario.com\/index.php\/wp-json\/wp\/v2\/posts\/14645\/revisions"}],"predecessor-version":[{"id":14647,"href":"https:\/\/www.actualidadadiario.com\/index.php\/wp-json\/wp\/v2\/posts\/14645\/revisions\/14647"}],"wp:featuredmedia":[{"embeddable":true,"href":"https:\/\/www.actualidadadiario.com\/index.php\/wp-json\/wp\/v2\/media\/14646"}],"wp:attachment":[{"href":"https:\/\/www.actualidadadiario.com\/index.php\/wp-json\/wp\/v2\/media?parent=14645"}],"wp:term":[{"taxonomy":"category","embeddable":true,"href":"https:\/\/www.actualidadadiario.com\/index.php\/wp-json\/wp\/v2\/categories?post=14645"},{"taxonomy":"post_tag","embeddable":true,"href":"https:\/\/www.actualidadadiario.com\/index.php\/wp-json\/wp\/v2\/tags?post=14645"}],"curies":[{"name":"wp","href":"https:\/\/api.w.org\/{rel}","templated":true}]}}