{"id":14643,"date":"2017-07-24T10:51:40","date_gmt":"2017-07-24T13:51:40","guid":{"rendered":"http:\/\/actualidadadiario.com\/site\/?p=14643"},"modified":"2017-07-24T10:51:40","modified_gmt":"2017-07-24T13:51:40","slug":"macri-aseguro-que-argentina-crece-despues-de-cinco-anos-de-estancamiento","status":"publish","type":"post","link":"https:\/\/www.actualidadadiario.com\/index.php\/2017\/07\/24\/macri-aseguro-que-argentina-crece-despues-de-cinco-anos-de-estancamiento\/","title":{"rendered":"Macri asegur\u00f3 que &#8220;Argentina crece despu\u00e9s de cinco a\u00f1os de estancamiento&#8221;"},"content":{"rendered":"<p><em><strong>El presidente Mauricio Macri asegur\u00f3 que &#8220;la Argentina est\u00e1 creciendo despu\u00e9s de cinco a\u00f1os de estancamiento&#8221;, al tiempo que destac\u00f3 que la generaci\u00f3n actual tiene &#8220;la posibilidad de ser la que cambie el pa\u00eds para siempre&#8221;, dejando atr\u00e1s &#8220;la resignaci\u00f3n&#8221; y construyendo &#8220;futuro desde la esperanza&#8221;. As\u00ed lo expres\u00f3 en una columna de opini\u00f3n publicada en la edici\u00f3n de este domingo del diario El Independiente, de la provincia de La Rioja<\/strong><\/em><\/p>\n<p>&nbsp;<\/p>\n<p>&nbsp;<\/p>\n<p>&nbsp;<\/p>\n<p>&nbsp;<\/p>\n<p>En tanto, sostuvo que si bien el Gobierno sabe que &#8220;el crecimiento econ\u00f3mico todav\u00eda no lleg\u00f3 a todos los argentinos&#8221;, est\u00e1 comprometido con que eso ocurra. &#8220;Mi equipo y yo estamos comprometidos a que llegue a todos, est\u00e9n donde est\u00e9n. Cada vez que logramos algo juntos, pensamos en qu\u00e9 m\u00e1s podemos hacer para que los argentinos logremos lo que nos proponemos&#8221;, apunt\u00f3 el mandatario en el texto.<\/p>\n<p>&nbsp;<\/p>\n<p>En este sentido, afirm\u00f3 que la ampliaci\u00f3n de los cr\u00e9ditos Argenta, oficializada el martes \u00faltimo mediante su publicaci\u00f3n en el Bolet\u00edn Oficial, &#8220;tiene que ver con eso&#8221;. Macri aludi\u00f3 as\u00ed al decreto de necesidad y urgencia (DNU) que esta semana puso en marcha una l\u00ednea de cr\u00e9ditos personales a bajas tasas destinada a beneficiarios de la Asignaci\u00f3n Universal por Hijo (AUH) y de pensiones no contributivas, a trav\u00e9s de la Anses y con recursos del Fondo de Garant\u00eda de Sustentabilidad.<\/p>\n<p>&nbsp;<\/p>\n<p>&#8220;Tenemos la posibilidad de ser la generaci\u00f3n que cambie a nuestro pa\u00eds para siempre, un pa\u00eds que se juega por la verdad, por el crecimiento y por el trabajo, que deja atr\u00e1s la resignaci\u00f3n y construye futuro desde la esperanza. Para todos&#8221;, subray\u00f3.<\/p>\n<p>&nbsp;<\/p>\n<p>La ampliaci\u00f3n de los cr\u00e9ditos Argenta &#8220;es una manera m\u00e1s de apoyar a las familias a que sigan progresando y que puedan refaccionar su casa, comprar un electrodom\u00e9stico o regalarle la fiesta de cumplea\u00f1os a su hijo, sin verse exigidas a pedir pr\u00e9stamos con tasas alt\u00edsimas y poco transparentes, por estar excluidas del sistema financiero&#8221;.<\/p>\n<p>&nbsp;<\/p>\n<p>Asimismo, indic\u00f3 que una l\u00ednea de pr\u00e9stamos en el mismo sentido ya estaba vigente para jubilados y pensionados, y, &#8220;en cuatro meses, otorg\u00f3 300.000 pr\u00e9stamos por 10.000 millones de pesos&#8221;, con lo cual &#8220;ahora, m\u00e1s argentinos van a poder contar con las herramientas que necesitan para lograr lo que se proponen&#8221;.<\/p>\n<p>&nbsp;<\/p>\n<p>Tras destacar que, &#8220;desde hace mucho, todos sab\u00edamos que la Argentina estaba para m\u00e1s&#8221;, el Presidente remarc\u00f3 que &#8221; el pa\u00eds est\u00e1 cambiando y lo estamos haciendo entre todos&#8221;. &#8220;Cambio quiere decir que haya trabajo, en todo el pa\u00eds, y para todos. Buenos trabajos que permitan que la gente viva donde elija vivir y que no tenga que abandonar a los suyos para buscar una oportunidad lejos de su tierra. Quiere decir que haya mejores condiciones de vida: seguridad, rutas, autopistas, cloacas, agua corriente, obras que empiezan y terminan ac\u00e1 en La Rioja y en todo el pa\u00eds&#8221;, enumer\u00f3.<\/p>\n<p>&nbsp;<\/p>\n<p>A su vez, agreg\u00f3 que &#8220;cambio quiere decir libertad y oportunidades&#8221;, como as\u00ed tambi\u00e9n &#8220;un Estado que est\u00e9 preocupado por trabajar para todos y un gobierno honesto que dice la verdad&#8221;.<\/p>\n<p>&nbsp;<\/p>\n<p>&#8220;No tenemos que resignarnos a los problemas, los problemas tienen soluci\u00f3n. Los argentinos somos capaces, somos trabajadores, somos creativos, somos honestos y somos solidarios. Estoy convencido de que con las ganas de los argentinos y el est\u00edmulo del Estado nuestro futuro se llena de posibilidades y de esperanza&#8221;, plante\u00f3 Macri. En este sentido, el mandatario reafirm\u00f3 que &#8220;es tiempo de hacer, de confiar y de disfrutar este enorme desaf\u00edo de transformar juntos a la Argentina&#8221;.<\/p>\n","protected":false},"excerpt":{"rendered":"<p>El presidente Mauricio Macri asegur\u00f3 que &#8220;la Argentina est\u00e1 creciendo despu\u00e9s de cinco a\u00f1os de estancamiento&#8221;, al tiempo que destac\u00f3 que la generaci\u00f3n actual tiene &#8220;la posibilidad de ser la que cambie el pa\u00eds para siempre&#8221;, dejando atr\u00e1s &#8220;la resignaci\u00f3n&#8221; y construyendo &#8220;futuro desde la esperanza&#8221;. As\u00ed lo expres\u00f3 en una columna de opini\u00f3n publicada en la edici\u00f3n de este domingo del diario El Independiente, de la provincia de La Rioja &nbsp; &nbsp; &nbsp; &nbsp; En tanto, sostuvo que si bien el Gobierno sabe que &#8220;el crecimiento econ\u00f3mico todav\u00eda no&#8230;<\/p>\n","protected":false},"author":3,"featured_media":14413,"comment_status":"closed","ping_status":"closed","sticky":false,"template":"","format":"standard","meta":[],"categories":[18],"tags":[],"_links":{"self":[{"href":"https:\/\/www.actualidadadiario.com\/index.php\/wp-json\/wp\/v2\/posts\/14643"}],"collection":[{"href":"https:\/\/www.actualidadadiario.com\/index.php\/wp-json\/wp\/v2\/posts"}],"about":[{"href":"https:\/\/www.actualidadadiario.com\/index.php\/wp-json\/wp\/v2\/types\/post"}],"author":[{"embeddable":true,"href":"https:\/\/www.actualidadadiario.com\/index.php\/wp-json\/wp\/v2\/users\/3"}],"replies":[{"embeddable":true,"href":"https:\/\/www.actualidadadiario.com\/index.php\/wp-json\/wp\/v2\/comments?post=14643"}],"version-history":[{"count":1,"href":"https:\/\/www.actualidadadiario.com\/index.php\/wp-json\/wp\/v2\/posts\/14643\/revisions"}],"predecessor-version":[{"id":14644,"href":"https:\/\/www.actualidadadiario.com\/index.php\/wp-json\/wp\/v2\/posts\/14643\/revisions\/14644"}],"wp:featuredmedia":[{"embeddable":true,"href":"https:\/\/www.actualidadadiario.com\/index.php\/wp-json\/wp\/v2\/media\/14413"}],"wp:attachment":[{"href":"https:\/\/www.actualidadadiario.com\/index.php\/wp-json\/wp\/v2\/media?parent=14643"}],"wp:term":[{"taxonomy":"category","embeddable":true,"href":"https:\/\/www.actualidadadiario.com\/index.php\/wp-json\/wp\/v2\/categories?post=14643"},{"taxonomy":"post_tag","embeddable":true,"href":"https:\/\/www.actualidadadiario.com\/index.php\/wp-json\/wp\/v2\/tags?post=14643"}],"curies":[{"name":"wp","href":"https:\/\/api.w.org\/{rel}","templated":true}]}}