{"id":14640,"date":"2017-07-24T10:50:54","date_gmt":"2017-07-24T13:50:54","guid":{"rendered":"http:\/\/actualidadadiario.com\/site\/?p=14640"},"modified":"2017-07-24T10:50:54","modified_gmt":"2017-07-24T13:50:54","slug":"el-gobierno-comenzo-a-apelar-sentencias-para-demorar-el-cobro-de-los-jubilados","status":"publish","type":"post","link":"https:\/\/www.actualidadadiario.com\/index.php\/2017\/07\/24\/el-gobierno-comenzo-a-apelar-sentencias-para-demorar-el-cobro-de-los-jubilados\/","title":{"rendered":"El Gobierno comenz\u00f3 a apelar sentencias para demorar el cobro de los jubilados"},"content":{"rendered":"<p><em><strong>En una pol\u00e9mica decisi\u00f3n, y en contra de todo lo prometido, Cambiemos decidi\u00f3 apelar sentencias para demorar, en casi dos a\u00f1os, el cobro de reajustes de los abuelos<\/strong><\/em><\/p>\n<p>&nbsp;<\/p>\n<p>&nbsp;<\/p>\n<p>&nbsp;<\/p>\n<p>A pesar de las promesas de campa\u00f1a y las cr\u00edticas al Gobierno anterior, Cambiemos decidi\u00f3 comenzar a apelar las sentencias jubilatorias para que lleguen a la Corte Suprema de Justicia de la Naci\u00f3n y, de esta manera, demorar el cobro de los jubilados.<\/p>\n<p>&nbsp;<\/p>\n<p>A trav\u00e9s de la Administraci\u00f3n Nacional de la Seguridad Social (Anses), el Gobierno consigue que quienes cre\u00edan que estaban a punto de tener una sentencia firme que le reconociera su derecho a reajustar su jubilaci\u00f3n ver\u00e1n aparecer de un d\u00eda para el otro una demora de dos a\u00f1os.<\/p>\n<p>&nbsp;<\/p>\n<p>Seg\u00fan public\u00f3 en La Naci\u00f3n el abogado especialista Adri\u00e1n Tr\u00f3ccoli, a los 74 a\u00f1os de edad, por ejemplo, los jubilados deber\u00e1n seguir en una carrera que les hab\u00edan prometido que terminaba y que hab\u00edan ganado.<\/p>\n<p>&nbsp;<\/p>\n<p>\u201cSostiene el organismo previsional que el m\u00e1ximo tribunal no decidi\u00f3 sobre qu\u00e9 \u00edndice corresponde usar para actualizar las remuneraciones al hacerse el c\u00e1lculo de los haberes iniciales. Y por ello, se propugna que se use otro, que arroja resultados menores que el utilizado en los tribunales desde 2009, incluidas las sentencias de la Corte\u201d, dice el letrado.<\/p>\n<p>&nbsp;<\/p>\n<p>Y agrega: \u201cLos funcionarios atacan una reciente sentencia de la C\u00e1mara Federal de la Seguridad Social, al decir que no considera que ahora existe normativa por la cual el Poder Ejecutivo ordena por decreto la utilizaci\u00f3n de un \u00edndice determinado -el Ripte- para actualizar las remuneraciones de quienes se jubilan a partir de 2016. Es el mismo \u00edndice se utiliza para los ajustes de la ley de reparaci\u00f3n hist\u00f3rica (PRH)\u201d.<\/p>\n<p>&nbsp;<\/p>\n<p>\u201cPero estos mismos argumentos estaban presentes en julio del a\u00f1o pasado, ya que la ley hab\u00eda sido sancionada y el decreto, publicado. Con la misma situaci\u00f3n normativa, la Anses no apelaba, y ahora s\u00ed lo hace\u201d, concluye el abogado.<\/p>\n<p>&nbsp;<\/p>\n<p>La medida del Gobierno se suma a la pol\u00e9mica desatada por la denominada \u201cReparaci\u00f3n Hist\u00f3rica\u201d que no convenci\u00f3 a la gran mayor\u00eda de los abuelos.<\/p>\n","protected":false},"excerpt":{"rendered":"<p>En una pol\u00e9mica decisi\u00f3n, y en contra de todo lo prometido, Cambiemos decidi\u00f3 apelar sentencias para demorar, en casi dos a\u00f1os, el cobro de reajustes de los abuelos &nbsp; &nbsp; &nbsp; A pesar de las promesas de campa\u00f1a y las cr\u00edticas al Gobierno anterior, Cambiemos decidi\u00f3 comenzar a apelar las sentencias jubilatorias para que lleguen a la Corte Suprema de Justicia de la Naci\u00f3n y, de esta manera, demorar el cobro de los jubilados. &nbsp; A trav\u00e9s de la Administraci\u00f3n Nacional de la Seguridad Social (Anses), el Gobierno consigue que&#8230;<\/p>\n","protected":false},"author":3,"featured_media":14641,"comment_status":"closed","ping_status":"closed","sticky":false,"template":"","format":"standard","meta":[],"categories":[9,18],"tags":[],"_links":{"self":[{"href":"https:\/\/www.actualidadadiario.com\/index.php\/wp-json\/wp\/v2\/posts\/14640"}],"collection":[{"href":"https:\/\/www.actualidadadiario.com\/index.php\/wp-json\/wp\/v2\/posts"}],"about":[{"href":"https:\/\/www.actualidadadiario.com\/index.php\/wp-json\/wp\/v2\/types\/post"}],"author":[{"embeddable":true,"href":"https:\/\/www.actualidadadiario.com\/index.php\/wp-json\/wp\/v2\/users\/3"}],"replies":[{"embeddable":true,"href":"https:\/\/www.actualidadadiario.com\/index.php\/wp-json\/wp\/v2\/comments?post=14640"}],"version-history":[{"count":1,"href":"https:\/\/www.actualidadadiario.com\/index.php\/wp-json\/wp\/v2\/posts\/14640\/revisions"}],"predecessor-version":[{"id":14642,"href":"https:\/\/www.actualidadadiario.com\/index.php\/wp-json\/wp\/v2\/posts\/14640\/revisions\/14642"}],"wp:featuredmedia":[{"embeddable":true,"href":"https:\/\/www.actualidadadiario.com\/index.php\/wp-json\/wp\/v2\/media\/14641"}],"wp:attachment":[{"href":"https:\/\/www.actualidadadiario.com\/index.php\/wp-json\/wp\/v2\/media?parent=14640"}],"wp:term":[{"taxonomy":"category","embeddable":true,"href":"https:\/\/www.actualidadadiario.com\/index.php\/wp-json\/wp\/v2\/categories?post=14640"},{"taxonomy":"post_tag","embeddable":true,"href":"https:\/\/www.actualidadadiario.com\/index.php\/wp-json\/wp\/v2\/tags?post=14640"}],"curies":[{"name":"wp","href":"https:\/\/api.w.org\/{rel}","templated":true}]}}