{"id":14631,"date":"2017-07-24T10:46:10","date_gmt":"2017-07-24T13:46:10","guid":{"rendered":"http:\/\/actualidadadiario.com\/site\/?p=14631"},"modified":"2017-07-24T10:46:10","modified_gmt":"2017-07-24T13:46:10","slug":"auh-radiografia-de-un-derecho-al-que-tambien-le-llego-el-ajuste","status":"publish","type":"post","link":"https:\/\/www.actualidadadiario.com\/index.php\/2017\/07\/24\/auh-radiografia-de-un-derecho-al-que-tambien-le-llego-el-ajuste\/","title":{"rendered":"AUH, radiograf\u00eda de un derecho al que tambi\u00e9n le lleg\u00f3 el ajuste"},"content":{"rendered":"<p><em><strong>En junio de 2017, la Asignaci\u00f3n Universal por Hijo permit\u00eda adquirir el 64% de la canasta b\u00e1sica alimentaria, seg\u00fan una investigaci\u00f3n de la UBA<\/strong><\/em><\/p>\n<p>&nbsp;<\/p>\n<p>&nbsp;<\/p>\n<p>&nbsp;<\/p>\n<p>&nbsp;<\/p>\n<p>Aurelia D. vive en el barrio Nicole, en el km 35 de la Ruta 3, a la altura de Virrey del Pino, en el populoso partido de La Matanza. Tiene cinco hijos de entre 17 y 6 a\u00f1os. Despu\u00e9s de bordar leyendas y dibujos en toallas durante 15 a\u00f1os, su marido se qued\u00f3 sin trabajo en 2016: en octubre cerr\u00f3 el taller de Liniers en el que era maquinista. Hoy, los ingresos familiares suman por sus changas en alba\u00f1iler\u00eda, las horas de trabajo como encargada de limpieza que Ver\u00f3nica conserva en un jard\u00edn de infantes y el aporte fundamental de la Asignaci\u00f3n Universal por Hijo (AUH). \u201cHasta que mi marido perdi\u00f3 el trabajo, usaba el beneficio para comprar ropa para los chicos. Compraba para los cinco\u201d, explica Ver\u00f3nica. Y completa: \u201cLa plata que trae mi marido y la mayor parte de la Asignaci\u00f3n la estamos usando para comprar comida\u201d. Para vestir a sus hijos, Ver\u00f3nica luch\u00f3 contra los fantasmas de la \u201cmalaria\u201d del 2001 y volvi\u00f3 al trueque. \u201cA veces voy con alg\u00fan calzado y vuelvo con az\u00facar, harina y leche\u201d, resume.<\/p>\n<p>&nbsp;<\/p>\n<p>La nueva realidad de Aurelia D. se multiplica en miles. Con una econom\u00eda sin se\u00f1ales de reactivaci\u00f3n e indicadores negativos en materia de empleo, el beneficio se escurre en el delicado equilibrio de los hogares m\u00e1s pobres de la Argentina. La p\u00e9rdida del poder adquisitivo de la Asignaci\u00f3n est\u00e1 en picada, seg\u00fan los indicadores de una investigaci\u00f3n del economista Agust\u00edn Mario para el Centro de Estudios de Ciudad (CEC) de la Facultad de Ciencias Sociales de la Universidad de Buenos Aires (UBA) al que tuvo acceso Tiempo.<\/p>\n<p>&nbsp;<\/p>\n<p>El CEC estudia la evoluci\u00f3n de la AUH desde su implementaci\u00f3n, en noviembre de 2009. El \u00faltimo informe se\u00f1ala que, en junio de este a\u00f1o, el monto de 1246 pesos de la Asignaci\u00f3n permit\u00eda cubrir el 64% de la canasta b\u00e1sica alimentaria, y el 26% de la canasta b\u00e1sica total.<\/p>\n<p>&nbsp;<\/p>\n<p>Durante la gesti\u00f3n de Cambiemos, el poder adquisitivo \u201cgeneral\u201d de la AUH lleg\u00f3 a ser, en agosto de 2016, un 14% inferior al de noviembre de 2015; y un 22,6% inferior al de junio de 2015. La reducci\u00f3n interanual del poder de compra del beneficio fue especialmente significativa entre junio y agosto de 2016: promedi\u00f3 un 20 por ciento.<\/p>\n<p>&nbsp;<\/p>\n<p>El seguimiento de la evoluci\u00f3n arroja otros datos alarmantes. En junio de 2017, el poder adquisitivo de la AUH \u2013medido en t\u00e9rminos del nivel general de precios de consumo- se encontraba m\u00e1s de 3 puntos porcentuales por debajo con respecto a noviembre de 2009. Sin embargo, si la comparaci\u00f3n se realiza contra el \u00edndice de precios de alimentos, el poder de compra de la AUH se encuentra casi 10 puntos porcentuales por debajo del nivel inicial.<\/p>\n<p>&nbsp;<\/p>\n<p>\u201cAunque hoy estamos obligados a mirar estos n\u00fameros de una manera m\u00e1s general, a vincularlos con lo que est\u00e1 sucediendo en el mercado de trabajo, los \u00faltimos indicadores se\u00f1alan un momento cr\u00edtico: en agosto del a\u00f1o pasado el beneficio apenas alcanzaba el cuarto de capacidad adquisitiva en relaci\u00f3n a 2009\u201d, explic\u00f3 Mario a este diario. Hoy, la AUH no llega a cubrir las dos terceras partes de la canasta b\u00e1sica alimentaria.<\/p>\n<p>&nbsp;<\/p>\n<p>&nbsp;<\/p>\n<p><strong>Mapa y territorio <\/strong><\/p>\n<p>En su casa de Villa Fiorito, Graciela S. lista los cambios de h\u00e1bitos. Tiene tres hijos de 8, 4 y 1 a\u00f1o, y trabaja algunas horas como empleada dom\u00e9stica. Su marido tambi\u00e9n perdi\u00f3 el empleo estable en una empresa constructora y, desde principios de 2017, hace changas de alba\u00f1iler\u00eda y carpinter\u00eda. \u201cHasta hace un a\u00f1o, la plata de la Asignaci\u00f3n era para \u00fatiles, para todas las cosas de la escuela. Hoy, el grueso se me va en pa\u00f1ales y leche\u201d, explica.<\/p>\n<p>&nbsp;<\/p>\n<p>Seg\u00fan un reciente informe de la ANSES, la AUH es un programa masivo que se encuentra \u201crazonablemente focalizado en los estratos m\u00e1s vulnerables de la poblaci\u00f3n\u201d. La prestaci\u00f3n es recibida por los hijos menores de 18 a\u00f1os o con discapacidad (sin l\u00edmite de edad) de desempleados, trabajadores no registrados o con haberes que se encuentran por debajo del Salario M\u00ednimo, Vital y M\u00f3vil.<\/p>\n<p>&nbsp;<\/p>\n<p>La investigaci\u00f3n del CEC se\u00f1ala que casi dos tercios de los hogares en los que se cobra la Asignaci\u00f3n pertenecen al 20 por ciento m\u00e1s pobre de la poblaci\u00f3n. Para un 20% de esos hogares, el beneficio representa al menos el 40% del ingreso total familiar. Y para el 40%, el programa constituye al menos una cuarta parte del ingreso del n\u00facleo familiar, seg\u00fan datos oficiales del cuarto trimestre de 2016. En t\u00e9rminos de ingresos reales, se\u00f1ala la investigaci\u00f3n, los \u201chogares AUH\u201d forman parte del grupo m\u00e1s perjudicado por las pol\u00edticas econ\u00f3micas de Cambiemos.<\/p>\n<p>&nbsp;<\/p>\n<p>\u201cEstos hogares siempre complementaron la AUH con otros ingresos. Y esos restantes ingresos fueron los que m\u00e1s se resintieron desde fines de 2015. El 30% m\u00e1s pobre es el que m\u00e1s vio reducido sus ingresos reales\u201d, puntualiz\u00f3 el economista del CEC.<\/p>\n<p>&nbsp;<\/p>\n<p>Mario subray\u00f3 la necesidad de analizar la ca\u00edda del poder de compra del beneficio desde una perspectiva m\u00e1s amplia. \u201cLa situaci\u00f3n del mercado de trabajo siempre tiende a afectar primero a los sectores de la econom\u00eda informal, a los trabajadores menos calificados y con menos credenciales educativas. Y la propia movilidad jubilatoria tambi\u00e9n depende de los aportes de los trabajadores registrados a la ANSES: los porcentajes tambi\u00e9n quedan afectados si el mercado de trabajo se resiente\u201d, puntualiz\u00f3.<\/p>\n<p>&nbsp;<\/p>\n<p>&nbsp;<\/p>\n<p><strong>La reconversi\u00f3n de la herencia<\/strong><\/p>\n<p>Carmen R. es vecina de Aurelia. Viven a unas casas de distancia en el barrio Nicole.\u00a0 Tiene dos hijos de 11 y 4 a\u00f1os, y combina su tarea de ama de casa con algunas horas espor\u00e1dicas como empleada dom\u00e9stica. Su marido siempre hizo trabajos informales y \u201cpor temporada\u201d de alba\u00f1iler\u00eda. \u201cLa Asignaci\u00f3n me serv\u00eda para comprar ropa y zapatillas. Hoy, si compro ropa, no alcanza para la comida\u201d, describe. Este invierno viaj\u00f3 varias veces a Oro Verde para comprar ropa de abrigo en la gran feria americana que, desde hace algunos meses, se monta en ese barrio cercano al Nicole.<\/p>\n<p>&nbsp;<\/p>\n<p>Un reciente relevamiento del Centro de Econom\u00eda Pol\u00edtica Argentina (CEPA) encendi\u00f3 tambi\u00e9n una luz de alerta en relaci\u00f3n a las bajas en el padr\u00f3n de la AUH por incumplimientos en la presentaci\u00f3n de documentaci\u00f3n relacionada con el doble requisito para acceder al beneficio: escolaridad y vacunas al d\u00eda.<\/p>\n<p>&nbsp;<\/p>\n<p>&#8220;Estamos comenzando a observar un proceso inverso al de origen de la AUH que dio un impulso claro a la escolaridad y a los controles de salud y sanitarios&#8221;, explic\u00f3 H\u00e9rnan Letcher, director del CEPA, a Tiempo.<\/p>\n<p>&nbsp;<\/p>\n<p>En base a estad\u00edsticas del bolet\u00edn mensual de la Anses, el estudio se\u00f1ala que, entre enero y marzo de 2017, se registr\u00f3 una quita de 231.542 asignaciones. Y vincula esas bajas con la deserci\u00f3n escolar, especialmente en la escuela secundaria, a partir de un relevamiento sin valor estad\u00edstico\u00a0 en los partidos de Tigre, San Fernando, San Mart\u00edn y San Isidro. &#8220;Se realizaron entrevistas con 50 directores de escuelas secundarias en esos distritos del Conurbano y se concluy\u00f3 que, en los \u00faltimos dos a\u00f1os, abandonaron sus estudios el 20 por ciento de los alumnos&#8221;, explic\u00f3 Letcher. \u00bfLas razones? Del amplio abanico de causas sobresale la necesidad de los j\u00f3venes de incorporarse de alg\u00fan modo al mercado de trabajo.<\/p>\n<p>&nbsp;<\/p>\n<p>A mediados de abril de 2016, el presidente Mauricio Macri anunci\u00f3 la incorporaci\u00f3n de hijos de trabajadores monotributistas al r\u00e9gimen de Asignaciones Familiares. \u201cTrabajamos para convertir la esperanza de la gente en medidas concretas\u201d, dijo en aquel acto de anuncio.<\/p>\n<p>&nbsp;<\/p>\n<p>Quince meses despu\u00e9s de aquella medida, el lunes pasado, el mandatario firm\u00f3 el decreto 516\/2017 que formaliza el otorgamiento de cr\u00e9ditos blandos (por 3 mil y 5 mil pesos) para beneficiarios de la AUH y titulares de pensiones no contributivas a una tasa nominal anual del 24 por ciento.<\/p>\n<p>&nbsp;<\/p>\n<p>Desde la ANSES se\u00f1alaron que entre diciembre de 2015 y mayo de este a\u00f1o \u201caument\u00f3 un 25 por ciento la cobertura de asignaciones familiares y universales que pas\u00f3 de 7,2 a 9 millones de ni\u00f1os\u201d. Ese incremento, siempre seg\u00fan la ANSES, se logr\u00f3 a trav\u00e9s de la incorporaci\u00f3n de hijos de monotributistas y de trabajadores de temporadas, m\u00e1s el incremento de los topes de los ingresos familiares. Sin embargo, evitaron dar precisiones oficiales sobre las variaciones en el poder adquisitivo de la AUH.<\/p>\n<p>&nbsp;<\/p>\n<p>M\u00e1s all\u00e1 de las cifras, el gobierno persiste en generar incentivos al consumo en los sectores m\u00e1s postergados. \u00bfEl objetivo? Dar se\u00f1ales firmes a un universo que, seg\u00fan coinciden la mayor\u00eda de las encuestas que circulan en la Casa Rosada a tres semanas de las PASO, comenz\u00f3 a mostrar indicadores electorales adversos para Cambiemos.<\/p>\n","protected":false},"excerpt":{"rendered":"<p>En junio de 2017, la Asignaci\u00f3n Universal por Hijo permit\u00eda adquirir el 64% de la canasta b\u00e1sica alimentaria, seg\u00fan una investigaci\u00f3n de la UBA &nbsp; &nbsp; &nbsp; &nbsp; Aurelia D. vive en el barrio Nicole, en el km 35 de la Ruta 3, a la altura de Virrey del Pino, en el populoso partido de La Matanza. Tiene cinco hijos de entre 17 y 6 a\u00f1os. Despu\u00e9s de bordar leyendas y dibujos en toallas durante 15 a\u00f1os, su marido se qued\u00f3 sin trabajo en 2016: en octubre cerr\u00f3 el taller&#8230;<\/p>\n","protected":false},"author":3,"featured_media":14632,"comment_status":"closed","ping_status":"closed","sticky":false,"template":"","format":"standard","meta":[],"categories":[2],"tags":[],"_links":{"self":[{"href":"https:\/\/www.actualidadadiario.com\/index.php\/wp-json\/wp\/v2\/posts\/14631"}],"collection":[{"href":"https:\/\/www.actualidadadiario.com\/index.php\/wp-json\/wp\/v2\/posts"}],"about":[{"href":"https:\/\/www.actualidadadiario.com\/index.php\/wp-json\/wp\/v2\/types\/post"}],"author":[{"embeddable":true,"href":"https:\/\/www.actualidadadiario.com\/index.php\/wp-json\/wp\/v2\/users\/3"}],"replies":[{"embeddable":true,"href":"https:\/\/www.actualidadadiario.com\/index.php\/wp-json\/wp\/v2\/comments?post=14631"}],"version-history":[{"count":1,"href":"https:\/\/www.actualidadadiario.com\/index.php\/wp-json\/wp\/v2\/posts\/14631\/revisions"}],"predecessor-version":[{"id":14633,"href":"https:\/\/www.actualidadadiario.com\/index.php\/wp-json\/wp\/v2\/posts\/14631\/revisions\/14633"}],"wp:featuredmedia":[{"embeddable":true,"href":"https:\/\/www.actualidadadiario.com\/index.php\/wp-json\/wp\/v2\/media\/14632"}],"wp:attachment":[{"href":"https:\/\/www.actualidadadiario.com\/index.php\/wp-json\/wp\/v2\/media?parent=14631"}],"wp:term":[{"taxonomy":"category","embeddable":true,"href":"https:\/\/www.actualidadadiario.com\/index.php\/wp-json\/wp\/v2\/categories?post=14631"},{"taxonomy":"post_tag","embeddable":true,"href":"https:\/\/www.actualidadadiario.com\/index.php\/wp-json\/wp\/v2\/tags?post=14631"}],"curies":[{"name":"wp","href":"https:\/\/api.w.org\/{rel}","templated":true}]}}