{"id":14628,"date":"2017-07-24T10:45:16","date_gmt":"2017-07-24T13:45:16","guid":{"rendered":"http:\/\/actualidadadiario.com\/site\/?p=14628"},"modified":"2017-07-24T10:45:16","modified_gmt":"2017-07-24T13:45:16","slug":"organismos-de-derechos-humanos-pediran-el-juicio-politico-a-los-jueces-de-2-x-1","status":"publish","type":"post","link":"https:\/\/www.actualidadadiario.com\/index.php\/2017\/07\/24\/organismos-de-derechos-humanos-pediran-el-juicio-politico-a-los-jueces-de-2-x-1\/","title":{"rendered":"Organismos de derechos humanos pedir\u00e1n el juicio pol\u00edtico a los jueces de 2 x 1"},"content":{"rendered":"<p><em><strong>Reclamar\u00e1n en Diputados que se inicie el proceso de remoci\u00f3n contra Highton de Nolasco, Rosatti y Rosenkrantz por &#8220;favorecer la impunidad&#8221;<\/strong><\/em><\/p>\n<p>&nbsp;<\/p>\n<p>&nbsp;<\/p>\n<p>&nbsp;<\/p>\n<p>&nbsp;<\/p>\n<p>A dos meses del pol\u00e9mico fallo de la Corte Suprema que benefici\u00f3 al represor Luis Mui\u00f1a con la ley del 2&#215;1, los jueces Elena Highton de Nolasco, Horacio Rosatti y Carlos Rosenkrantz no modificaron esa decisi\u00f3n, repudiada por todo el arco pol\u00edtico y organismos de derechos humanos.<\/p>\n<p>&nbsp;<\/p>\n<p>A las 13, encabezados por las Abuelas y Madres L\u00ednea Fundadora, organismos de derechos humanos presentar\u00e1n en un pedido de juicio pol\u00edtico a los tres jueces de la Corte que firmaron ese fallo ante la Comisi\u00f3n de Juicio Pol\u00edtico de la C\u00e1mara de Diputados.<\/p>\n<p>&nbsp;<\/p>\n<p>Es justamente el Congreso el que se pronunci\u00f3 d\u00edas despu\u00e9s del fallo de la Corte y sancion\u00f3 la ley y 27362 que limit\u00f3 el alcance de la ley del 2&#215;1 para represores. Sin embargo, tras esa decisi\u00f3n, el m\u00e1ximo tribunal no volvi\u00f3 sobre sus pasos.<\/p>\n<p>&nbsp;<\/p>\n<p>\u201cVenimos a solicitar el inicio de juicio pol\u00edtico a los Ministros de la Corte Suprema de Justicia de la Naci\u00f3n: Highton de Nolasco, Rosatti y Rosenkrantz, en virtud de los hechos que a continuaci\u00f3n denunciamos, de los que se desprende \u2013desde nuestro punto de vista- que estos magistrados han incurrido en la causal de mal desempe\u00f1o en sus funciones, conforme lo previsto en el art\u00edculo 53 de la Constituci\u00f3n Nacional. Solicitamos en consecuencia a la Honorable C\u00e1mara que, en su rol de parte acusadora ante el Senado de la Naci\u00f3n, impulse el presente pedido\u201d, sostiene la presentaci\u00f3n que expondr\u00e1 pasado el mediod\u00eda.<\/p>\n<p>&nbsp;<\/p>\n<p>All\u00ed manifiestan que los tres integrantes de esta Corte \u201chan frustrado gravemente \u2018el ejercicio de los derechos y garant\u00edas de la Constituci\u00f3n\u2019, al haber favorecido la impunidad de los responsables del terrorismo de Estado mediante el dictado de una sentencia contraria a derecho\u201d.<\/p>\n<p>&nbsp;<\/p>\n<p>Recordaron la masiva movilizaci\u00f3n a Plaza de Mayo d\u00edas despu\u00e9s del fallo y agregaron: \u201cNo desconocemos las presiones a favor de la impunidad de los terroristas de Estado que ejercen quienes responden a los m\u00e1s altos poderes f\u00e1cticos de nuestro pa\u00eds. Es precisamente por estas presiones que resulta indispensable que nuestro m\u00e1ximo tribunal judicial est\u00e9 integrado por juristas capaces de resistir a esas presiones, en lugar de responder a ellas a\u00fan en contra de la normativa legal vigente. Por todo ello, es necesario que el Poder Legislativo asuma su rol en esta hora y se ponga a la altura de la representaci\u00f3n que le ha sido conferida por el voto popular\u201d.<\/p>\n<p>&nbsp;<\/p>\n<p>Los organismos firmantes del pedido de juicio pol\u00edtico son: Asamblea Permanente por los Derechos Humanos, Asamblea Permanente por los Derechos Humanos- La Matanza, la Asociaci\u00f3n Buena Memoria, Comisi\u00f3n Memoria, Verdad y Justicia Zona Norte, Madres de Plaza de Mayo- L\u00ednea Fundadora, Familiares de Desaparecidos y Detenidos por Razones Pol\u00edticas, Familiares y compa\u00f1eros de los 12 de la Santa Cruz, Fundaci\u00f3n Memoria Hist\u00f3rica y Social Argentina, H.I.J.O.S. Capital, Liga Argentina por los Derechos del Hombre y Movimiento Ecum\u00e9nico por los Derechos Humanos.<\/p>\n","protected":false},"excerpt":{"rendered":"<p>Reclamar\u00e1n en Diputados que se inicie el proceso de remoci\u00f3n contra Highton de Nolasco, Rosatti y Rosenkrantz por &#8220;favorecer la impunidad&#8221; &nbsp; &nbsp; &nbsp; &nbsp; A dos meses del pol\u00e9mico fallo de la Corte Suprema que benefici\u00f3 al represor Luis Mui\u00f1a con la ley del 2&#215;1, los jueces Elena Highton de Nolasco, Horacio Rosatti y Carlos Rosenkrantz no modificaron esa decisi\u00f3n, repudiada por todo el arco pol\u00edtico y organismos de derechos humanos. &nbsp; A las 13, encabezados por las Abuelas y Madres L\u00ednea Fundadora, organismos de derechos humanos presentar\u00e1n en&#8230;<\/p>\n","protected":false},"author":3,"featured_media":14629,"comment_status":"closed","ping_status":"closed","sticky":false,"template":"","format":"standard","meta":[],"categories":[9,2],"tags":[],"_links":{"self":[{"href":"https:\/\/www.actualidadadiario.com\/index.php\/wp-json\/wp\/v2\/posts\/14628"}],"collection":[{"href":"https:\/\/www.actualidadadiario.com\/index.php\/wp-json\/wp\/v2\/posts"}],"about":[{"href":"https:\/\/www.actualidadadiario.com\/index.php\/wp-json\/wp\/v2\/types\/post"}],"author":[{"embeddable":true,"href":"https:\/\/www.actualidadadiario.com\/index.php\/wp-json\/wp\/v2\/users\/3"}],"replies":[{"embeddable":true,"href":"https:\/\/www.actualidadadiario.com\/index.php\/wp-json\/wp\/v2\/comments?post=14628"}],"version-history":[{"count":1,"href":"https:\/\/www.actualidadadiario.com\/index.php\/wp-json\/wp\/v2\/posts\/14628\/revisions"}],"predecessor-version":[{"id":14630,"href":"https:\/\/www.actualidadadiario.com\/index.php\/wp-json\/wp\/v2\/posts\/14628\/revisions\/14630"}],"wp:featuredmedia":[{"embeddable":true,"href":"https:\/\/www.actualidadadiario.com\/index.php\/wp-json\/wp\/v2\/media\/14629"}],"wp:attachment":[{"href":"https:\/\/www.actualidadadiario.com\/index.php\/wp-json\/wp\/v2\/media?parent=14628"}],"wp:term":[{"taxonomy":"category","embeddable":true,"href":"https:\/\/www.actualidadadiario.com\/index.php\/wp-json\/wp\/v2\/categories?post=14628"},{"taxonomy":"post_tag","embeddable":true,"href":"https:\/\/www.actualidadadiario.com\/index.php\/wp-json\/wp\/v2\/tags?post=14628"}],"curies":[{"name":"wp","href":"https:\/\/api.w.org\/{rel}","templated":true}]}}