{"id":14625,"date":"2017-07-24T10:37:08","date_gmt":"2017-07-24T13:37:08","guid":{"rendered":"http:\/\/actualidadadiario.com\/site\/?p=14625"},"modified":"2017-07-24T10:37:08","modified_gmt":"2017-07-24T13:37:08","slug":"el-indec-informara-la-evolucion-de-la-actividad-economica","status":"publish","type":"post","link":"https:\/\/www.actualidadadiario.com\/index.php\/2017\/07\/24\/el-indec-informara-la-evolucion-de-la-actividad-economica\/","title":{"rendered":"El Indec informar\u00e1 la evoluci\u00f3n de la actividad econ\u00f3mica"},"content":{"rendered":"<p><em><strong>El Instituto Nacional de Estad\u00edstica y Censos (Indec) anunciar\u00e1 el martes pr\u00f3ximo la variaci\u00f3n del Estimador Mensual de la Actividad Econ\u00f3mica de mayo, que seg\u00fan los primeros c\u00e1lculos oficiales mostrar\u00e1 un nuevo incremento interanual, alentado por la construcci\u00f3n, el agro y ahora tambi\u00e9n el sector fabril<\/strong><\/em><\/p>\n<p>&nbsp;<\/p>\n<p>&nbsp;<\/p>\n<p>&nbsp;<\/p>\n<p>&nbsp;<\/p>\n<p>El Estimador Menusal de la Actividad Econ\u00f3mica (EMAE) cerr\u00f3 abril con una suba del 0,4% interanual, y las estimaciones oficiales apuntan a un crecimiento al menos similar en mayo, debido a que, a diferencia de los anteriores, en ese mes la industria creci\u00f3 2,7% interanual y cort\u00f3 16 ca\u00eddas consecutivas, seg\u00fan los datos del Indec.<\/p>\n<p>&nbsp;<\/p>\n<p>Si bien entre enero y mayo la actividad industrial acumul\u00f3 una baja del 1,4%, las expectativas de los empresarios eran favorables tanto en el merco interno como en el comercio exterior.<\/p>\n<p>&nbsp;<\/p>\n<p>La encuesta entre empresarios que realiza el Indec dio cuenta que para la demanda interna, el 36,6% de las empresas prev\u00e9 un aumento hasta agosto, 13 % mismas prev\u00e9 una baja, y el restante 50,4% anticipa un ritmo estable. Entre las firmas exportadoras, 26,6% de los encuestados prev\u00e9 una suba en sus ventas al exterior y 14,4% opina que disminuir\u00e1n, y el 59 % restante estima un ritmo estable.<\/p>\n<p>&nbsp;<\/p>\n<p>Fonterra es la principal empresa exportadora de leche del mundo, ya que figura entre los cuarto productores l\u00e1cteos m\u00e1s grandes del planeta y continua siendo una cooperativa con m\u00e1s de 12.000 granjeros que forman parte de multinacional.<\/p>\n","protected":false},"excerpt":{"rendered":"<p>El Instituto Nacional de Estad\u00edstica y Censos (Indec) anunciar\u00e1 el martes pr\u00f3ximo la variaci\u00f3n del Estimador Mensual de la Actividad Econ\u00f3mica de mayo, que seg\u00fan los primeros c\u00e1lculos oficiales mostrar\u00e1 un nuevo incremento interanual, alentado por la construcci\u00f3n, el agro y ahora tambi\u00e9n el sector fabril &nbsp; &nbsp; &nbsp; &nbsp; El Estimador Menusal de la Actividad Econ\u00f3mica (EMAE) cerr\u00f3 abril con una suba del 0,4% interanual, y las estimaciones oficiales apuntan a un crecimiento al menos similar en mayo, debido a que, a diferencia de los anteriores, en ese mes&#8230;<\/p>\n","protected":false},"author":3,"featured_media":14626,"comment_status":"closed","ping_status":"closed","sticky":false,"template":"","format":"standard","meta":[],"categories":[2],"tags":[],"_links":{"self":[{"href":"https:\/\/www.actualidadadiario.com\/index.php\/wp-json\/wp\/v2\/posts\/14625"}],"collection":[{"href":"https:\/\/www.actualidadadiario.com\/index.php\/wp-json\/wp\/v2\/posts"}],"about":[{"href":"https:\/\/www.actualidadadiario.com\/index.php\/wp-json\/wp\/v2\/types\/post"}],"author":[{"embeddable":true,"href":"https:\/\/www.actualidadadiario.com\/index.php\/wp-json\/wp\/v2\/users\/3"}],"replies":[{"embeddable":true,"href":"https:\/\/www.actualidadadiario.com\/index.php\/wp-json\/wp\/v2\/comments?post=14625"}],"version-history":[{"count":1,"href":"https:\/\/www.actualidadadiario.com\/index.php\/wp-json\/wp\/v2\/posts\/14625\/revisions"}],"predecessor-version":[{"id":14627,"href":"https:\/\/www.actualidadadiario.com\/index.php\/wp-json\/wp\/v2\/posts\/14625\/revisions\/14627"}],"wp:featuredmedia":[{"embeddable":true,"href":"https:\/\/www.actualidadadiario.com\/index.php\/wp-json\/wp\/v2\/media\/14626"}],"wp:attachment":[{"href":"https:\/\/www.actualidadadiario.com\/index.php\/wp-json\/wp\/v2\/media?parent=14625"}],"wp:term":[{"taxonomy":"category","embeddable":true,"href":"https:\/\/www.actualidadadiario.com\/index.php\/wp-json\/wp\/v2\/categories?post=14625"},{"taxonomy":"post_tag","embeddable":true,"href":"https:\/\/www.actualidadadiario.com\/index.php\/wp-json\/wp\/v2\/tags?post=14625"}],"curies":[{"name":"wp","href":"https:\/\/api.w.org\/{rel}","templated":true}]}}