{"id":14622,"date":"2017-07-24T10:36:30","date_gmt":"2017-07-24T13:36:30","guid":{"rendered":"http:\/\/actualidadadiario.com\/site\/?p=14622"},"modified":"2017-07-24T10:36:30","modified_gmt":"2017-07-24T13:36:30","slug":"cooperativa-neozelandesa-fonterra-cerca-de-quedarse-con-sancor","status":"publish","type":"post","link":"https:\/\/www.actualidadadiario.com\/index.php\/2017\/07\/24\/cooperativa-neozelandesa-fonterra-cerca-de-quedarse-con-sancor\/","title":{"rendered":"Cooperativa neozelandesa Fonterra cerca de quedarse con SanCor"},"content":{"rendered":"<p><em><strong>El gobierno de Santa Fe ve con buenos ojos los avances en la negociaci\u00f3n por la venta de SanCor a la cooperativa l\u00e1ctea neozelandesa Fonterra, a la que atribuy\u00f3 &#8220;voluntad&#8221; de mantener al personal<\/strong><\/em><\/p>\n<p>&nbsp;<\/p>\n<p>&nbsp;<\/p>\n<p>&nbsp;<\/p>\n<p>&nbsp;<\/p>\n<p>&nbsp;<\/p>\n<p>&nbsp;<\/p>\n<p>El ministro de Producci\u00f3n de la provincia de Santa Fe, Luis Contigiani, dijo que &#8220;en 15 o 20 d\u00edas se va a tener definiciones en la negociaci\u00f3n con Fonterra, seg\u00fan me dicen los dirigentes de SanCor&#8221;.<\/p>\n<p>&nbsp;<\/p>\n<p>En ese sentido, cont\u00f3 que &#8220;lo que se va a definir es el formato de la alianza: si crean una persona jur\u00eddica nueva o una sociedad an\u00f3nima, con cu\u00e1nto porcentaje se queda SanCor y cu\u00e1nto Fonterra, entre otras definiciones&#8221;.<\/p>\n<p>&nbsp;<\/p>\n<p>&#8220;Va a ser una alianza importante para el cooperativismo pero tambi\u00e9n para la provincia de Santa Fe y el pa\u00eds ya que Fonterra es l\u00edder mundial en el comercio de l\u00e1cteos&#8221;, consider\u00f3 el ministro de Producci\u00f3n santafesino.<\/p>\n<p>&nbsp;<\/p>\n<p>En una entrevista con Canal 3 de Rosario, Contigiani sostuvo que &#8220;estamos expectantes ante las definiciones de los pr\u00f3ximos d\u00edas y de todas maneras no est\u00e1n cerradas las negociaciones todav\u00eda&#8221;.<\/p>\n<p>&nbsp;<\/p>\n<p>Los problemas de SanCor tienen varios a\u00f1os, pero a mediados de 2016, luego de perder m\u00e1s de $1.500 millones, la empresa tuvo serios problemas financieros.<\/p>\n<p>&nbsp;<\/p>\n<p>Para enfrentarlos parcialmente vendi\u00f3 el 90% de la l\u00ednea de productos frescos a la empresa alimenticia Vicent\u00edn en u$s100 millones.<\/p>\n<p>&nbsp;<\/p>\n<p>Sin embargo, a principios de este a\u00f1o, afectada otra vez por problemas financieros y una crisis en la producci\u00f3n de leche, la situaci\u00f3n de la cooperativa se agrav\u00f3 con varias semanas de plantas tomadas y faltantes de producci\u00f3n en g\u00f3ndola.<\/p>\n","protected":false},"excerpt":{"rendered":"<p>El gobierno de Santa Fe ve con buenos ojos los avances en la negociaci\u00f3n por la venta de SanCor a la cooperativa l\u00e1ctea neozelandesa Fonterra, a la que atribuy\u00f3 &#8220;voluntad&#8221; de mantener al personal &nbsp; &nbsp; &nbsp; &nbsp; &nbsp; &nbsp; El ministro de Producci\u00f3n de la provincia de Santa Fe, Luis Contigiani, dijo que &#8220;en 15 o 20 d\u00edas se va a tener definiciones en la negociaci\u00f3n con Fonterra, seg\u00fan me dicen los dirigentes de SanCor&#8221;. &nbsp; En ese sentido, cont\u00f3 que &#8220;lo que se va a definir es el&#8230;<\/p>\n","protected":false},"author":3,"featured_media":14623,"comment_status":"closed","ping_status":"closed","sticky":false,"template":"","format":"standard","meta":[],"categories":[2],"tags":[],"_links":{"self":[{"href":"https:\/\/www.actualidadadiario.com\/index.php\/wp-json\/wp\/v2\/posts\/14622"}],"collection":[{"href":"https:\/\/www.actualidadadiario.com\/index.php\/wp-json\/wp\/v2\/posts"}],"about":[{"href":"https:\/\/www.actualidadadiario.com\/index.php\/wp-json\/wp\/v2\/types\/post"}],"author":[{"embeddable":true,"href":"https:\/\/www.actualidadadiario.com\/index.php\/wp-json\/wp\/v2\/users\/3"}],"replies":[{"embeddable":true,"href":"https:\/\/www.actualidadadiario.com\/index.php\/wp-json\/wp\/v2\/comments?post=14622"}],"version-history":[{"count":1,"href":"https:\/\/www.actualidadadiario.com\/index.php\/wp-json\/wp\/v2\/posts\/14622\/revisions"}],"predecessor-version":[{"id":14624,"href":"https:\/\/www.actualidadadiario.com\/index.php\/wp-json\/wp\/v2\/posts\/14622\/revisions\/14624"}],"wp:featuredmedia":[{"embeddable":true,"href":"https:\/\/www.actualidadadiario.com\/index.php\/wp-json\/wp\/v2\/media\/14623"}],"wp:attachment":[{"href":"https:\/\/www.actualidadadiario.com\/index.php\/wp-json\/wp\/v2\/media?parent=14622"}],"wp:term":[{"taxonomy":"category","embeddable":true,"href":"https:\/\/www.actualidadadiario.com\/index.php\/wp-json\/wp\/v2\/categories?post=14622"},{"taxonomy":"post_tag","embeddable":true,"href":"https:\/\/www.actualidadadiario.com\/index.php\/wp-json\/wp\/v2\/tags?post=14622"}],"curies":[{"name":"wp","href":"https:\/\/api.w.org\/{rel}","templated":true}]}}