{"id":14616,"date":"2017-07-24T10:35:01","date_gmt":"2017-07-24T13:35:01","guid":{"rendered":"http:\/\/actualidadadiario.com\/site\/?p=14616"},"modified":"2017-07-24T10:35:01","modified_gmt":"2017-07-24T13:35:01","slug":"produccion-de-pymes-industriales-lleva-21-meses-en-baja","status":"publish","type":"post","link":"https:\/\/www.actualidadadiario.com\/index.php\/2017\/07\/24\/produccion-de-pymes-industriales-lleva-21-meses-en-baja\/","title":{"rendered":"Producci\u00f3n de pymes industriales lleva 21 meses en baja"},"content":{"rendered":"<p><em><strong>El sector, uno de los m\u00e1s golpeados por la baja de la demanda interna, volvi\u00f3 a retroceder 0,5% mensual en junio<\/strong><\/em><\/p>\n<p>&nbsp;<\/p>\n<p>&nbsp;<\/p>\n<p>&nbsp;<\/p>\n<p>&nbsp;<\/p>\n<p>La producci\u00f3n de las pymes industriales baj\u00f3 0,5% en junio respecto de mismo mes del a\u00f1o pasado y acumul\u00f3 as\u00ed 21 meses consecutivos con tendencia negativa, se\u00f1al\u00f3 este domingo la Confederaci\u00f3n Argentina de la Mediana Empresa (CAME).<\/p>\n<p>&nbsp;<\/p>\n<p>El informe aclar\u00f3 que si bien el sector cumpli\u00f3 21 meses seguidos en baja, en junio &#8220;se desaceler\u00f3 significativamente la tasa de descenso&#8221;.<\/p>\n<p>&nbsp;<\/p>\n<p>&#8220;A pesar de cierta mejora a nivel general en la industria pyme, la informaci\u00f3n que surge de la encuesta cualitativa es menos alentadora&#8221;, advirti\u00f3 el estudio y argument\u00f3 que &#8220;el 61% de las firmas tiene decidido no realizar nuevas inversiones este a\u00f1o y otro 10% lo est\u00e1 evaluando&#8221;.<\/p>\n<p>&nbsp;<\/p>\n<p>En ese sentido, puntualiz\u00f3 que &#8220;un 29% eligi\u00f3 invertir, a pesar de que la mayor\u00eda dice que no es el mejor momento&#8221;.<\/p>\n<p>&nbsp;<\/p>\n<p>Los datos surgen de la encuesta mensual industrial realizada por la CAME entre 250 pymes del rubro en el pa\u00eds.<\/p>\n<p>&nbsp;<\/p>\n<p>El sondeo arroj\u00f3, de ese modo, que la producci\u00f3n de las pymes industriales cay\u00f3 0,5% en junio frente a igual mes del a\u00f1o pasado.<\/p>\n<p>&nbsp;<\/p>\n<p>&#8220;La proporci\u00f3n de empresas con alzas anuales subi\u00f3 a 38% mostrando un universo mayor de firmas en recuperaci\u00f3n&#8221;, destac\u00f3 el presidente de la entidad, Fabi\u00e1n Tarr\u00edo.<\/p>\n","protected":false},"excerpt":{"rendered":"<p>El sector, uno de los m\u00e1s golpeados por la baja de la demanda interna, volvi\u00f3 a retroceder 0,5% mensual en junio &nbsp; &nbsp; &nbsp; &nbsp; La producci\u00f3n de las pymes industriales baj\u00f3 0,5% en junio respecto de mismo mes del a\u00f1o pasado y acumul\u00f3 as\u00ed 21 meses consecutivos con tendencia negativa, se\u00f1al\u00f3 este domingo la Confederaci\u00f3n Argentina de la Mediana Empresa (CAME). &nbsp; El informe aclar\u00f3 que si bien el sector cumpli\u00f3 21 meses seguidos en baja, en junio &#8220;se desaceler\u00f3 significativamente la tasa de descenso&#8221;. &nbsp; &#8220;A pesar de&#8230;<\/p>\n","protected":false},"author":3,"featured_media":14617,"comment_status":"closed","ping_status":"closed","sticky":false,"template":"","format":"standard","meta":[],"categories":[2],"tags":[],"_links":{"self":[{"href":"https:\/\/www.actualidadadiario.com\/index.php\/wp-json\/wp\/v2\/posts\/14616"}],"collection":[{"href":"https:\/\/www.actualidadadiario.com\/index.php\/wp-json\/wp\/v2\/posts"}],"about":[{"href":"https:\/\/www.actualidadadiario.com\/index.php\/wp-json\/wp\/v2\/types\/post"}],"author":[{"embeddable":true,"href":"https:\/\/www.actualidadadiario.com\/index.php\/wp-json\/wp\/v2\/users\/3"}],"replies":[{"embeddable":true,"href":"https:\/\/www.actualidadadiario.com\/index.php\/wp-json\/wp\/v2\/comments?post=14616"}],"version-history":[{"count":1,"href":"https:\/\/www.actualidadadiario.com\/index.php\/wp-json\/wp\/v2\/posts\/14616\/revisions"}],"predecessor-version":[{"id":14618,"href":"https:\/\/www.actualidadadiario.com\/index.php\/wp-json\/wp\/v2\/posts\/14616\/revisions\/14618"}],"wp:featuredmedia":[{"embeddable":true,"href":"https:\/\/www.actualidadadiario.com\/index.php\/wp-json\/wp\/v2\/media\/14617"}],"wp:attachment":[{"href":"https:\/\/www.actualidadadiario.com\/index.php\/wp-json\/wp\/v2\/media?parent=14616"}],"wp:term":[{"taxonomy":"category","embeddable":true,"href":"https:\/\/www.actualidadadiario.com\/index.php\/wp-json\/wp\/v2\/categories?post=14616"},{"taxonomy":"post_tag","embeddable":true,"href":"https:\/\/www.actualidadadiario.com\/index.php\/wp-json\/wp\/v2\/tags?post=14616"}],"curies":[{"name":"wp","href":"https:\/\/api.w.org\/{rel}","templated":true}]}}