{"id":14610,"date":"2017-07-24T10:33:17","date_gmt":"2017-07-24T13:33:17","guid":{"rendered":"http:\/\/actualidadadiario.com\/site\/?p=14610"},"modified":"2017-07-24T10:33:17","modified_gmt":"2017-07-24T13:33:17","slug":"tras-el-receso-el-senado-retoma-sus-actividades","status":"publish","type":"post","link":"https:\/\/www.actualidadadiario.com\/index.php\/2017\/07\/24\/tras-el-receso-el-senado-retoma-sus-actividades\/","title":{"rendered":"Tras el receso, el Senado retoma sus actividades"},"content":{"rendered":"<p><em><strong>Luego del receso legislativo de dos semanas, la C\u00e1mara de Senadores de la Provincia retoma sus actividades. Hasta el momento hay una sola reuni\u00f3n de comisi\u00f3n confirmada: la de Producci\u00f3n, que se reunir\u00e1 este martes<\/strong><\/em><\/p>\n<p>&nbsp;<\/p>\n<p>&nbsp;<\/p>\n<p>&nbsp;<\/p>\n<p>Tras dos semanas de receso, el Senado retomar\u00e1 sus actividades: ser\u00e1 el martes a las 9, cuando se re\u00fanan los integrantes de la Comisi\u00f3n de Producci\u00f3n con el fin de hacer un repaso de los temas pendientes.<\/p>\n<p>&nbsp;<\/p>\n<p>Cabe recordar que la \u00faltima actividad de la C\u00e1mara de Senadores tuvo lugar el mi\u00e9rcoles 5 de julio, cuando se llevaron a cabo dos audiencias p\u00fablicas para o\u00edr a postulantes propuestos por el Poder Ejecutivo para cubrir vacantes en la Justicia entrerriana.<\/p>\n","protected":false},"excerpt":{"rendered":"<p>Luego del receso legislativo de dos semanas, la C\u00e1mara de Senadores de la Provincia retoma sus actividades. Hasta el momento hay una sola reuni\u00f3n de comisi\u00f3n confirmada: la de Producci\u00f3n, que se reunir\u00e1 este martes &nbsp; &nbsp; &nbsp; Tras dos semanas de receso, el Senado retomar\u00e1 sus actividades: ser\u00e1 el martes a las 9, cuando se re\u00fanan los integrantes de la Comisi\u00f3n de Producci\u00f3n con el fin de hacer un repaso de los temas pendientes. &nbsp; Cabe recordar que la \u00faltima actividad de la C\u00e1mara de Senadores tuvo lugar el&#8230;<\/p>\n","protected":false},"author":3,"featured_media":14611,"comment_status":"closed","ping_status":"closed","sticky":false,"template":"","format":"standard","meta":[],"categories":[15],"tags":[],"_links":{"self":[{"href":"https:\/\/www.actualidadadiario.com\/index.php\/wp-json\/wp\/v2\/posts\/14610"}],"collection":[{"href":"https:\/\/www.actualidadadiario.com\/index.php\/wp-json\/wp\/v2\/posts"}],"about":[{"href":"https:\/\/www.actualidadadiario.com\/index.php\/wp-json\/wp\/v2\/types\/post"}],"author":[{"embeddable":true,"href":"https:\/\/www.actualidadadiario.com\/index.php\/wp-json\/wp\/v2\/users\/3"}],"replies":[{"embeddable":true,"href":"https:\/\/www.actualidadadiario.com\/index.php\/wp-json\/wp\/v2\/comments?post=14610"}],"version-history":[{"count":1,"href":"https:\/\/www.actualidadadiario.com\/index.php\/wp-json\/wp\/v2\/posts\/14610\/revisions"}],"predecessor-version":[{"id":14612,"href":"https:\/\/www.actualidadadiario.com\/index.php\/wp-json\/wp\/v2\/posts\/14610\/revisions\/14612"}],"wp:featuredmedia":[{"embeddable":true,"href":"https:\/\/www.actualidadadiario.com\/index.php\/wp-json\/wp\/v2\/media\/14611"}],"wp:attachment":[{"href":"https:\/\/www.actualidadadiario.com\/index.php\/wp-json\/wp\/v2\/media?parent=14610"}],"wp:term":[{"taxonomy":"category","embeddable":true,"href":"https:\/\/www.actualidadadiario.com\/index.php\/wp-json\/wp\/v2\/categories?post=14610"},{"taxonomy":"post_tag","embeddable":true,"href":"https:\/\/www.actualidadadiario.com\/index.php\/wp-json\/wp\/v2\/tags?post=14610"}],"curies":[{"name":"wp","href":"https:\/\/api.w.org\/{rel}","templated":true}]}}