{"id":14597,"date":"2017-07-24T10:30:06","date_gmt":"2017-07-24T13:30:06","guid":{"rendered":"http:\/\/actualidadadiario.com\/site\/?p=14597"},"modified":"2017-07-24T10:30:06","modified_gmt":"2017-07-24T13:30:06","slug":"la-provincia-aumento-el-40-por-ciento-las-partidas-para-residencias-socio-educativas","status":"publish","type":"post","link":"https:\/\/www.actualidadadiario.com\/index.php\/2017\/07\/24\/la-provincia-aumento-el-40-por-ciento-las-partidas-para-residencias-socio-educativas\/","title":{"rendered":"La provincia aument\u00f3 el 40 por ciento las partidas para Residencias Socio Educativas"},"content":{"rendered":"<p><em><strong>A partir de este mes, las 35 residencias, entre p\u00fablicas y privadas, de todo el territorio provincial que est\u00e1n bajo la \u00f3rbita del Consejo Provincial del Ni\u00f1o, el Adolescente y la Familia (Copnaf), ver\u00e1n incrementados el monto de su partida de racionamiento vigente, en un 40 por ciento<\/strong><\/em><\/p>\n<p>&nbsp;<\/p>\n<p>&nbsp;<\/p>\n<p>&nbsp;<\/p>\n<p>&nbsp;<\/p>\n<p>La medida beneficiar\u00e1 a m\u00e1s de 400 ni\u00f1os, ni\u00f1as y adolescentes. \u201cEn este contexto, ha sido una preocupaci\u00f3n permanente de agenda del gobernador Gustavo Bordet reducir los tiempos de institucionalizaci\u00f3n, como tambi\u00e9n mejorar las condiciones de vida de los ni\u00f1os alojados transitoriamente en dispositivos institucionales, aceitando los mecanismos de articulaci\u00f3n con otros organismos a los efectos de que los ni\u00f1os accedan a derechos fundamentales como becas de estudios del Instituto Becario, y generando acciones de gesti\u00f3n para mejorar sus partidas de racionamiento\u201d, se\u00f1al\u00f3 al respecto la presidenta del Copnaf, Marisa Paira.<\/p>\n<p>&nbsp;<\/p>\n<p>&#8220;Desde el inicio de esta gesti\u00f3n provincial ha sido un eje importante de acci\u00f3n y planificaci\u00f3n, realizar un fuerte trabajo en los dispositivos institucionales, para mejorar su infraestructura y sus proyectos institucionales, priorizando fundamentalmente el bienestar de los ni\u00f1os que transitoriamente deben permanecer alojados en dispositivos institucionales en vista a la falta de alternativas para sus problem\u00e1ticas\u201d, se\u00f1al\u00f3 la funcionaria.<\/p>\n<p>&nbsp;<\/p>\n<p>Agreg\u00f3 que, \u201cluego de un gran esfuerzo y producto del trabajo articulado en la gesti\u00f3n provincial, se incrementa la partida de racionamiento un 40 por ciento a todas las residencias de la provincia, que proveen el alojamiento de ni\u00f1os con medidas de protecci\u00f3n excepcionales en residencias\u201d.<\/p>\n<p>&nbsp;<\/p>\n<p>El Copnaf dise\u00f1a y ejecuta la pol\u00edtica de ni\u00f1ez provincial de modo articulado, teniendo como marco jur\u00eddico espec\u00edfico la Ley Provincial de Protecci\u00f3n Integral de los Derechos del Ni\u00f1o, el Adolescente y la Familia, basada en la priorizaci\u00f3n de la familia como el \u00e1mbito de cuidado y protecci\u00f3n de los ni\u00f1os y adolescentes.<\/p>\n<p>&nbsp;<\/p>\n<p>Asimismo, cuando esto no es posible y no se cuenta con referentes adultos de cuidado y sost\u00e9n, el organismo prev\u00e9 el alojamiento de ni\u00f1os, ni\u00f1as, y adolescentes en las Residencias Socio Educativas, para promover el pleno ejercicio de derechos.<\/p>\n<p>&nbsp;<\/p>\n<p>En este sentido, el Copnaf cuenta con 16 Residencias Socio Educativas de gesti\u00f3n p\u00fablica y 19 de gesti\u00f3n privada que alojan en este momento a 403 ni\u00f1os, ni\u00f1as y adolescentes en el territorio provincial.<\/p>\n<p>&nbsp;<\/p>\n<p>Del mismo modo, cabe se\u00f1alar que en el marco del convenio celebrado entre el Estado provincial y las ONG que cuentan con Residencias Socio Educativas -esto es dispositivos institucionales que alojan ni\u00f1os con medidas de protecci\u00f3n excepcionales (ni\u00f1os sin cuidados parentales)-, se consider\u00f3 el aumento de partida para subsidiar a dichas ONGs a los efectos de que puedan garantizar la atenci\u00f3n de los ni\u00f1os alojados en residencias.<\/p>\n","protected":false},"excerpt":{"rendered":"<p>A partir de este mes, las 35 residencias, entre p\u00fablicas y privadas, de todo el territorio provincial que est\u00e1n bajo la \u00f3rbita del Consejo Provincial del Ni\u00f1o, el Adolescente y la Familia (Copnaf), ver\u00e1n incrementados el monto de su partida de racionamiento vigente, en un 40 por ciento &nbsp; &nbsp; &nbsp; &nbsp; La medida beneficiar\u00e1 a m\u00e1s de 400 ni\u00f1os, ni\u00f1as y adolescentes. \u201cEn este contexto, ha sido una preocupaci\u00f3n permanente de agenda del gobernador Gustavo Bordet reducir los tiempos de institucionalizaci\u00f3n, como tambi\u00e9n mejorar las condiciones de vida de&#8230;<\/p>\n","protected":false},"author":3,"featured_media":14598,"comment_status":"closed","ping_status":"closed","sticky":false,"template":"","format":"standard","meta":[],"categories":[9,15],"tags":[],"_links":{"self":[{"href":"https:\/\/www.actualidadadiario.com\/index.php\/wp-json\/wp\/v2\/posts\/14597"}],"collection":[{"href":"https:\/\/www.actualidadadiario.com\/index.php\/wp-json\/wp\/v2\/posts"}],"about":[{"href":"https:\/\/www.actualidadadiario.com\/index.php\/wp-json\/wp\/v2\/types\/post"}],"author":[{"embeddable":true,"href":"https:\/\/www.actualidadadiario.com\/index.php\/wp-json\/wp\/v2\/users\/3"}],"replies":[{"embeddable":true,"href":"https:\/\/www.actualidadadiario.com\/index.php\/wp-json\/wp\/v2\/comments?post=14597"}],"version-history":[{"count":1,"href":"https:\/\/www.actualidadadiario.com\/index.php\/wp-json\/wp\/v2\/posts\/14597\/revisions"}],"predecessor-version":[{"id":14599,"href":"https:\/\/www.actualidadadiario.com\/index.php\/wp-json\/wp\/v2\/posts\/14597\/revisions\/14599"}],"wp:featuredmedia":[{"embeddable":true,"href":"https:\/\/www.actualidadadiario.com\/index.php\/wp-json\/wp\/v2\/media\/14598"}],"wp:attachment":[{"href":"https:\/\/www.actualidadadiario.com\/index.php\/wp-json\/wp\/v2\/media?parent=14597"}],"wp:term":[{"taxonomy":"category","embeddable":true,"href":"https:\/\/www.actualidadadiario.com\/index.php\/wp-json\/wp\/v2\/categories?post=14597"},{"taxonomy":"post_tag","embeddable":true,"href":"https:\/\/www.actualidadadiario.com\/index.php\/wp-json\/wp\/v2\/tags?post=14597"}],"curies":[{"name":"wp","href":"https:\/\/api.w.org\/{rel}","templated":true}]}}