{"id":14593,"date":"2017-07-21T11:35:09","date_gmt":"2017-07-21T14:35:09","guid":{"rendered":"http:\/\/actualidadadiario.com\/site\/?p=14593"},"modified":"2017-07-21T11:35:09","modified_gmt":"2017-07-21T14:35:09","slug":"messi-suma-deportistas-a-la-campana-contra-el-cancer-infantil","status":"publish","type":"post","link":"https:\/\/www.actualidadadiario.com\/index.php\/2017\/07\/21\/messi-suma-deportistas-a-la-campana-contra-el-cancer-infantil\/","title":{"rendered":"Messi suma deportistas a la campa\u00f1a contra el c\u00e1ncer infantil"},"content":{"rendered":"<p><em><strong>Los futbolistas Lionel Messi y Luis Su\u00e1rez y el piloto Marc M\u00e1rquez, entre otros deportistas, se unieron para colaborar con la campa\u00f1a solidaria &#8220;Para los valientes&#8221; (#TOTHEBRAVE), lanzada por el astro argentino en febrero \u00faltimo, con el objetivo de recaudar fondos para la investigaci\u00f3n y tratamiento del c\u00e1ncer infantil, se inform\u00f3 hoy<\/strong><\/em><\/p>\n<p>&nbsp;<\/p>\n<p>&nbsp;<\/p>\n<p>&nbsp;<\/p>\n<p>&nbsp;<\/p>\n<p>La campa\u00f1a puso a la venta una camiseta, disponible hasta el 15 de agosto en la web (www.represent.com\/tothebrave) y cuyos beneficios ir\u00e1n destinados a la construcci\u00f3n del SJD Pediatric Cancer Centre en el Hospital Sant Joan de D\u00e9u de Barcelona.<\/p>\n<p>&nbsp;<\/p>\n<p>Adem\u00e1s de los jugadores azulgranas y del cinco veces campe\u00f3n del mundo en motociclismo, la campa\u00f1a cuenta con el apoyo de m\u00e1s deportistas como Ricky Rubio, Jorge Lorenzo, Fernando Alonso, Pol y Aleix Espargar\u00f3, Maverick Vi\u00f1ales, Laia Sanz, Gemma Mengual, Carla Su\u00e1rez, Fernando Belasteguin o Gemma Triay, consign\u00f3 la agencia EFE.<\/p>\n<p>&nbsp;<\/p>\n<p>La acci\u00f3n est\u00e1 impulsada por el propio hospital de la capital catalana, la Fundaci\u00f3n Lionel Messi, la Fundaci\u00f3n FC Barcelona y la escuela de negocios IESE.<\/p>\n","protected":false},"excerpt":{"rendered":"<p>Los futbolistas Lionel Messi y Luis Su\u00e1rez y el piloto Marc M\u00e1rquez, entre otros deportistas, se unieron para colaborar con la campa\u00f1a solidaria &#8220;Para los valientes&#8221; (#TOTHEBRAVE), lanzada por el astro argentino en febrero \u00faltimo, con el objetivo de recaudar fondos para la investigaci\u00f3n y tratamiento del c\u00e1ncer infantil, se inform\u00f3 hoy &nbsp; &nbsp; &nbsp; &nbsp; La campa\u00f1a puso a la venta una camiseta, disponible hasta el 15 de agosto en la web (www.represent.com\/tothebrave) y cuyos beneficios ir\u00e1n destinados a la construcci\u00f3n del SJD Pediatric Cancer Centre en el Hospital&#8230;<\/p>\n","protected":false},"author":3,"featured_media":14594,"comment_status":"closed","ping_status":"closed","sticky":false,"template":"","format":"standard","meta":[],"categories":[4],"tags":[],"_links":{"self":[{"href":"https:\/\/www.actualidadadiario.com\/index.php\/wp-json\/wp\/v2\/posts\/14593"}],"collection":[{"href":"https:\/\/www.actualidadadiario.com\/index.php\/wp-json\/wp\/v2\/posts"}],"about":[{"href":"https:\/\/www.actualidadadiario.com\/index.php\/wp-json\/wp\/v2\/types\/post"}],"author":[{"embeddable":true,"href":"https:\/\/www.actualidadadiario.com\/index.php\/wp-json\/wp\/v2\/users\/3"}],"replies":[{"embeddable":true,"href":"https:\/\/www.actualidadadiario.com\/index.php\/wp-json\/wp\/v2\/comments?post=14593"}],"version-history":[{"count":1,"href":"https:\/\/www.actualidadadiario.com\/index.php\/wp-json\/wp\/v2\/posts\/14593\/revisions"}],"predecessor-version":[{"id":14595,"href":"https:\/\/www.actualidadadiario.com\/index.php\/wp-json\/wp\/v2\/posts\/14593\/revisions\/14595"}],"wp:featuredmedia":[{"embeddable":true,"href":"https:\/\/www.actualidadadiario.com\/index.php\/wp-json\/wp\/v2\/media\/14594"}],"wp:attachment":[{"href":"https:\/\/www.actualidadadiario.com\/index.php\/wp-json\/wp\/v2\/media?parent=14593"}],"wp:term":[{"taxonomy":"category","embeddable":true,"href":"https:\/\/www.actualidadadiario.com\/index.php\/wp-json\/wp\/v2\/categories?post=14593"},{"taxonomy":"post_tag","embeddable":true,"href":"https:\/\/www.actualidadadiario.com\/index.php\/wp-json\/wp\/v2\/tags?post=14593"}],"curies":[{"name":"wp","href":"https:\/\/api.w.org\/{rel}","templated":true}]}}