{"id":14590,"date":"2017-07-21T11:34:17","date_gmt":"2017-07-21T14:34:17","guid":{"rendered":"http:\/\/actualidadadiario.com\/site\/?p=14590"},"modified":"2017-07-21T11:34:17","modified_gmt":"2017-07-21T14:34:17","slug":"desesperadas-declaraciones-de-la-mama-del-polaquito-mi-hijo-nunca-mato","status":"publish","type":"post","link":"https:\/\/www.actualidadadiario.com\/index.php\/2017\/07\/21\/desesperadas-declaraciones-de-la-mama-del-polaquito-mi-hijo-nunca-mato\/","title":{"rendered":"Desesperadas declaraciones de la mam\u00e1 del Polaquito: &#8220;Mi hijo nunca mat\u00f3&#8221;"},"content":{"rendered":"<p><em><strong>A trav\u00e9s de la revista La Garganta Poderosa, Fernanda Rivas, madre del ni\u00f1o entrevistado por el periodista del Grupo Clar\u00edn Jorge Lanata, cont\u00f3 la verdadera historia de su hijo y sobre las mentiras que la nota reprodujo<\/strong><\/em><\/p>\n<p>&nbsp;<\/p>\n<p>&nbsp;<\/p>\n<p>&nbsp;<\/p>\n<p>&nbsp;<\/p>\n<p>En un desgarrador y emotivo relato publicado por la revista La Garganta Poderosa, Fernanda Rivas, madre del ni\u00f1o entrevistado por el periodista del Grupo Clar\u00edn Jorge Lanata, cont\u00f3 la verdadera historia de su hijo y de los padeceres familiares.<\/p>\n<p>&nbsp;<\/p>\n<p>&nbsp;<\/p>\n<p><em>&#8220;A nadie, a ninguna mam\u00e1 le deseo que pase por todo esto, ni que deba vivir lo que yo estoy viviendo, desde que emitieron esa tramposa entrevista por televisi\u00f3n. Me duele, claro que me duele, me duele en el alma que lo hayan tratado y mostrado como a un asesino. Porque s\u00ed, un ni\u00f1o puede tener problemas de consumo, y es evidente que los tiene. Pero de ah\u00ed a matar&#8230; Mi hijo nunca mat\u00f3, nunca hizo muchas de las cosas que le hicieron decir ah\u00ed. <\/em><\/p>\n<p><em>\u00a0<\/em><\/p>\n<p><em>A la que mataron, es a m\u00ed. <\/em><\/p>\n<p><em>Los \u00faltimos a\u00f1os no fueron f\u00e1ciles y, cuanto m\u00e1s compleja se hizo la situaci\u00f3n, menos amparo tuve del Estado. Pues ahora mi hijo tiene 11 a\u00f1os, pero los peores problemas empezaron hace tres, cuando me informaron que no pod\u00eda continuar asistiendo a la escuela, porque no estaban capacitados para tener a &#8220;un chico como \u00e9l&#8221;. Ah\u00ed mismo, me explicaron que necesitaba recurrir a un psicopedagogo y darle una red de contenci\u00f3n m\u00e1s amplia, pero nadie me ayud\u00f3 a construirla. Sola, sol\u00edsima, con las herramientas que tuve, cr\u00e9anme, \u00a1hice todo lo que pude! <\/em><\/p>\n<p><em>\u00a0<\/em><\/p>\n<p><em>A los 9 empez\u00f3 a consumir y todo se volvi\u00f3 m\u00e1s dif\u00edcil. No sab\u00eda c\u00f3mo manejar la situaci\u00f3n, de modo que ped\u00ed la internaci\u00f3n. Y como respuesta, s\u00f3lo aparecieron las excusas. Me derivaban de un psic\u00f3logo a otro, sin definirme nada en concreto: mes a mes, cambiaban los argumentos o los contratiempos, siempre sobre la nada misma. Que faltaban cupos, que no hab\u00eda recursos, que se les escapaba, o directamente que no sab\u00edan tratar &#8220;su problema&#8221;. As\u00ed pas\u00e9 dos a\u00f1os a la deriva, en Lan\u00fas, perdida entre las promesas del municipio, que ahora simula desconocer mi lucha, mi desesperaci\u00f3n y su verdad. Que ahora s\u00ed, lo considera prioridad&#8230; <\/em><\/p>\n<p><em>\u00a0<\/em><\/p>\n<p><em>\u00bfSaben c\u00f3mo se siente dormir sobre mi almohada? Sobre tanto dolor, se hace muy duro soportar tantas mentiras. Inventaron que yo consum\u00eda drogas. Y hasta llegaron al punto de afirmar que ten\u00eda dos hijos muertos, para instalar que ser\u00eda muy natural si me mataran al tercero. \u00bfC\u00f3mo aguantar semejante hipocres\u00eda? Conmigo, hagan lo que se les cante, \u00a1con mi hijo, no! <\/em><\/p>\n<p><em>\u00a0<\/em><\/p>\n<p><em>Saben lo que hicieron, saben que lo expusieron de una forma incre\u00edble. Porque ni siquiera se conformaron con haber dado su apodo en la entrevista que Lanata puso el domingo, sino que terminaron mencion\u00e1ndolo varios por su nombre real, como lo hizo ayer el propio secretario de seguridad de Lan\u00fas, Diego Kravetz. \u00bfQu\u00e9 m\u00e1s? En vez de cuidarnos, nos sigui\u00f3 faltando el respeto, luego de haber sido part\u00edcipe del armado de la nota, junto a efectivos policiales y productores del programa, tal como lo denunci\u00e9 anteayer en la fiscal\u00eda de Lomas. Yo, s\u00ed, yo, su mam\u00e1. Tengo clar\u00edsimo, en esta pesadilla, que intentar\u00e1n usar pol\u00edticamente mis palabras, que buscar\u00e1n ensuciarme o que forzar\u00e1n otros testimonios, para no reconocer que mintieron&#8230; <\/em><\/p>\n<p><em>\u00a0<\/em><\/p>\n<p><em>Saben muy bien lo que hicieron. <\/em><\/p>\n<p><em>Yo cartoneo para poder vestir y calzar a mi hijo, desde que naci\u00f3. Y as\u00ed tambi\u00e9n cr\u00edo a mis otros tres amores: una nena de 6, un nene de 5 y una beb\u00e9 de 9 meses. Al principio, trabajaba horas y horas en la calle, con un carret\u00f3n que llevaba a mano junto a mi t\u00eda y, reci\u00e9n cuando \u00e9l cumpli\u00f3 sus 3 a\u00f1os, pude sumarme a una cooperativa, desde el Movimiento de Trabajadores Excluidos. Porque s\u00ed, ah\u00ed, entre todas esas personas que Lanata desconoce, ataca o desprecia, est\u00e1n mis compa\u00f1eras, mis compa\u00f1eros y las \u00fanicas manos a las que me pude aferrar, cuando nadie, pero nadie me quer\u00eda escuchar. <\/em><\/p>\n<p><em>\u00a0<\/em><\/p>\n<p><em>Yo, s\u00ed, yo formul\u00e9 la denuncia contra este show armado. Y ac\u00e1 estoy, poniendo el cuerpo junto a mi nombre, para que dejen de manosear el suyo, porque tal vez algunos ya lo hayan olvidado, pero se trata de un ni\u00f1o, un ni\u00f1o que deber\u00e1 reponerse de toda esta tortura psicol\u00f3gica que viene a completar una persecuci\u00f3n policial de meses, esa que un oficial le supo resumir a mi hermano: &#8220;A tu sobrino, te lo vamos a levantar por ah\u00ed y lo vas a encontrar tirado&#8221;. <\/em><\/p>\n<p><em>\u00a0<\/em><\/p>\n<p><em>De ahora en m\u00e1s, s\u00f3lo espero que la UFI 12 de Lomas avance seriamente en la investigaci\u00f3n. Y a todos los dem\u00e1s, les pido un poco de paz, para poder recuperarme y para que mi hijo se pueda recuperar tambi\u00e9n, a mi lado. Sue\u00f1o para \u00e9l, un futuro verdaderamente sano, ese futuro que sol\u00eda imaginar cuando miraba mi panza, esperando que naciera&#8230; <\/em><\/p>\n<p><em>Por \u00e9l, voy a luchar,\u00a0 hasta que me muera&#8221;.<\/em><\/p>\n","protected":false},"excerpt":{"rendered":"<p>A trav\u00e9s de la revista La Garganta Poderosa, Fernanda Rivas, madre del ni\u00f1o entrevistado por el periodista del Grupo Clar\u00edn Jorge Lanata, cont\u00f3 la verdadera historia de su hijo y sobre las mentiras que la nota reprodujo &nbsp; &nbsp; &nbsp; &nbsp; En un desgarrador y emotivo relato publicado por la revista La Garganta Poderosa, Fernanda Rivas, madre del ni\u00f1o entrevistado por el periodista del Grupo Clar\u00edn Jorge Lanata, cont\u00f3 la verdadera historia de su hijo y de los padeceres familiares. &nbsp; &nbsp; &#8220;A nadie, a ninguna mam\u00e1 le deseo que&#8230;<\/p>\n","protected":false},"author":3,"featured_media":14591,"comment_status":"closed","ping_status":"closed","sticky":false,"template":"","format":"standard","meta":[],"categories":[4],"tags":[],"_links":{"self":[{"href":"https:\/\/www.actualidadadiario.com\/index.php\/wp-json\/wp\/v2\/posts\/14590"}],"collection":[{"href":"https:\/\/www.actualidadadiario.com\/index.php\/wp-json\/wp\/v2\/posts"}],"about":[{"href":"https:\/\/www.actualidadadiario.com\/index.php\/wp-json\/wp\/v2\/types\/post"}],"author":[{"embeddable":true,"href":"https:\/\/www.actualidadadiario.com\/index.php\/wp-json\/wp\/v2\/users\/3"}],"replies":[{"embeddable":true,"href":"https:\/\/www.actualidadadiario.com\/index.php\/wp-json\/wp\/v2\/comments?post=14590"}],"version-history":[{"count":1,"href":"https:\/\/www.actualidadadiario.com\/index.php\/wp-json\/wp\/v2\/posts\/14590\/revisions"}],"predecessor-version":[{"id":14592,"href":"https:\/\/www.actualidadadiario.com\/index.php\/wp-json\/wp\/v2\/posts\/14590\/revisions\/14592"}],"wp:featuredmedia":[{"embeddable":true,"href":"https:\/\/www.actualidadadiario.com\/index.php\/wp-json\/wp\/v2\/media\/14591"}],"wp:attachment":[{"href":"https:\/\/www.actualidadadiario.com\/index.php\/wp-json\/wp\/v2\/media?parent=14590"}],"wp:term":[{"taxonomy":"category","embeddable":true,"href":"https:\/\/www.actualidadadiario.com\/index.php\/wp-json\/wp\/v2\/categories?post=14590"},{"taxonomy":"post_tag","embeddable":true,"href":"https:\/\/www.actualidadadiario.com\/index.php\/wp-json\/wp\/v2\/tags?post=14590"}],"curies":[{"name":"wp","href":"https:\/\/api.w.org\/{rel}","templated":true}]}}