{"id":14578,"date":"2017-07-21T11:29:44","date_gmt":"2017-07-21T14:29:44","guid":{"rendered":"http:\/\/actualidadadiario.com\/site\/?p=14578"},"modified":"2017-07-21T11:29:44","modified_gmt":"2017-07-21T14:29:44","slug":"murio-marco-aurelio-garcia-ex-asesor-de-lula-y-uno-de-los-fundadores-del-pt","status":"publish","type":"post","link":"https:\/\/www.actualidadadiario.com\/index.php\/2017\/07\/21\/murio-marco-aurelio-garcia-ex-asesor-de-lula-y-uno-de-los-fundadores-del-pt\/","title":{"rendered":"Muri\u00f3 Marco Aurelio Garc\u00eda, ex asesor de Lula y uno de los fundadores del PT"},"content":{"rendered":"<p><em><strong>Marco Aurelio Garc\u00eda, gran articulador con los gobiernos de izquierda latinoamericanos durante los mandatos de Lula da Silva (2003-2010) y Dilma Rousseff (2011-2016), falleci\u00f3 el jueves en Sao Paulo, a los 76 a\u00f1os, de un infarto, inform\u00f3 el Partido de Los Trabajadores (PT)<\/strong><\/em><\/p>\n<p>&nbsp;<\/p>\n<p>&nbsp;<\/p>\n<p>&nbsp;<\/p>\n<p>&nbsp;<\/p>\n<p>&nbsp;<\/p>\n<p>Garc\u00eda, uno de los fundadores del PT a inicios de los a\u00f1os 80, estuvo al frente de esa formaci\u00f3n durante un breve periodo en 2006. En 1990, fue tambi\u00e9n uno de los articuladores del Foro de Sao Paulo, que congrega a representantes de la izquierda de Am\u00e9rica Latina y el Caribe.<\/p>\n<p>&nbsp;<\/p>\n<p>Nacido en Porto Alegre en 1941, estudi\u00f3 Derecho y Filosof\u00eda y particip\u00f3 en los movimientos estudiantiles en los primeros a\u00f1os de la dictadura militar (1964-85).<\/p>\n<p>&nbsp;<\/p>\n<p>En 1970 tom\u00f3 el camino del exilio, primero a Chile -donde ense\u00f1\u00f3 en la Facultad Latinoamericana de Ciencias Sociales (FLACSO) y luego a Francia, ejerciendo el profesorado de Historia en las Universidades de Paris VIII (Vincennes) y Paris X (Paris Nanterre).<\/p>\n<p>&nbsp;<\/p>\n<p>&#8220;El profesor Garc\u00eda&#8221;, como se lo conoc\u00eda en Brasilia, fue uno de los hombres que llevaron de frente la pol\u00edtica de realineamiento Sur-Sur impulsada por Lula, junto al canciller Celso Amorim.<\/p>\n<p>&nbsp;<\/p>\n<p>&#8220;Tuvimos una asociaci\u00f3n perfecta&#8221;, afirm\u00f3 Celso Amorim en un mail enviado a la AFP.<\/p>\n<p>&nbsp;<\/p>\n<p>Garc\u00eda era &#8220;un hombre de raz\u00f3n y principios. Fiel a sus ideas y a sus amigos. (Su fallecimiento) es una p\u00e9rdida enorme para el pa\u00eds, en momentos en que faltan estadistas y sobran intereses&#8221;, agreg\u00f3.<\/p>\n<p>&nbsp;<\/p>\n<p>En su papel de Asesor Especial de la Presidencia, tuvo que desactivar crisis con sus &#8220;compa\u00f1eros&#8221; regionales, como por ejemplo cuando el presidente boliviano Evo Morales aument\u00f3 en casi un 300% el precio del gas exportado a Brasil.<\/p>\n<p>&nbsp;<\/p>\n<p>En 2007, MAG, como se lo conoc\u00eda igualmente, desat\u00f3 una pol\u00e9mica al ser filmado en su escritorio haciendo un gesto obsceno cuando el noticiario televisivo informaba que un accidente a\u00e9reo en el aeropuerto de Congonhas (Sao Paulo) se habr\u00eda debido a una falla t\u00e9cnica y no a una precipitaci\u00f3n del gobierno en la autorizaci\u00f3n de aterrizajes en esa pista.<\/p>\n<p>&nbsp;<\/p>\n<p>El fallecimiento de Garc\u00eda se produce en un momento de horas bajas para Lula, condenado por corrupci\u00f3n, y para el PT, sacudido por la destituci\u00f3n de Rousseff por el Congreso y por su contundente derrota electoral en las municipales de octubre de 2016.<\/p>\n<p>&nbsp;<\/p>\n<p>&#8220;La muerte del profesor Marco Aurelio Garc\u00eda, un querido amigo, es sumamente dolorosa. Disfrut\u00e9 mucho de su compa\u00f1\u00eda hace tres semanas. Conversamos sobre la vida y los momentos terribles que el pa\u00eds atraviesa&#8221;, escribi\u00f3 Rousseff en un comunicado.<\/p>\n<p>&nbsp;<\/p>\n<p>En protestas convocadas este jueves en apoyo a Lula se observ\u00f3 un minuto de silencio en honor del difunto.<\/p>\n","protected":false},"excerpt":{"rendered":"<p>Marco Aurelio Garc\u00eda, gran articulador con los gobiernos de izquierda latinoamericanos durante los mandatos de Lula da Silva (2003-2010) y Dilma Rousseff (2011-2016), falleci\u00f3 el jueves en Sao Paulo, a los 76 a\u00f1os, de un infarto, inform\u00f3 el Partido de Los Trabajadores (PT) &nbsp; &nbsp; &nbsp; &nbsp; &nbsp; Garc\u00eda, uno de los fundadores del PT a inicios de los a\u00f1os 80, estuvo al frente de esa formaci\u00f3n durante un breve periodo en 2006. En 1990, fue tambi\u00e9n uno de los articuladores del Foro de Sao Paulo, que congrega a representantes&#8230;<\/p>\n","protected":false},"author":3,"featured_media":14579,"comment_status":"closed","ping_status":"closed","sticky":false,"template":"","format":"standard","meta":[],"categories":[4],"tags":[],"_links":{"self":[{"href":"https:\/\/www.actualidadadiario.com\/index.php\/wp-json\/wp\/v2\/posts\/14578"}],"collection":[{"href":"https:\/\/www.actualidadadiario.com\/index.php\/wp-json\/wp\/v2\/posts"}],"about":[{"href":"https:\/\/www.actualidadadiario.com\/index.php\/wp-json\/wp\/v2\/types\/post"}],"author":[{"embeddable":true,"href":"https:\/\/www.actualidadadiario.com\/index.php\/wp-json\/wp\/v2\/users\/3"}],"replies":[{"embeddable":true,"href":"https:\/\/www.actualidadadiario.com\/index.php\/wp-json\/wp\/v2\/comments?post=14578"}],"version-history":[{"count":1,"href":"https:\/\/www.actualidadadiario.com\/index.php\/wp-json\/wp\/v2\/posts\/14578\/revisions"}],"predecessor-version":[{"id":14580,"href":"https:\/\/www.actualidadadiario.com\/index.php\/wp-json\/wp\/v2\/posts\/14578\/revisions\/14580"}],"wp:featuredmedia":[{"embeddable":true,"href":"https:\/\/www.actualidadadiario.com\/index.php\/wp-json\/wp\/v2\/media\/14579"}],"wp:attachment":[{"href":"https:\/\/www.actualidadadiario.com\/index.php\/wp-json\/wp\/v2\/media?parent=14578"}],"wp:term":[{"taxonomy":"category","embeddable":true,"href":"https:\/\/www.actualidadadiario.com\/index.php\/wp-json\/wp\/v2\/categories?post=14578"},{"taxonomy":"post_tag","embeddable":true,"href":"https:\/\/www.actualidadadiario.com\/index.php\/wp-json\/wp\/v2\/tags?post=14578"}],"curies":[{"name":"wp","href":"https:\/\/api.w.org\/{rel}","templated":true}]}}