{"id":14575,"date":"2017-07-21T11:28:54","date_gmt":"2017-07-21T14:28:54","guid":{"rendered":"http:\/\/actualidadadiario.com\/site\/?p=14575"},"modified":"2017-07-21T11:28:54","modified_gmt":"2017-07-21T14:28:54","slug":"la-cgt-repudio-la-llegada-de-temer-y-difundio-listado-con-puntos-criticos-de-la-reforma-laboral","status":"publish","type":"post","link":"https:\/\/www.actualidadadiario.com\/index.php\/2017\/07\/21\/la-cgt-repudio-la-llegada-de-temer-y-difundio-listado-con-puntos-criticos-de-la-reforma-laboral\/","title":{"rendered":"La CGT repudi\u00f3 la llegada de Temer y difundi\u00f3 listado con puntos cr\u00edticos de la reforma laboral"},"content":{"rendered":"<p><em><strong>La CGT repudi\u00f3 la visita del brasile\u00f1o Michael Temer a la Argentina y difundi\u00f3 listado con las posibles consecuencias en la vida de los trabajadores y sindicatos de la reforma laboral que se aplicar\u00e1 en el pa\u00eds vecino<\/strong><\/em><\/p>\n<p>&nbsp;<\/p>\n<p>&nbsp;<\/p>\n<p>&nbsp;<\/p>\n<p>&nbsp;<\/p>\n<p>A trav\u00e9s de un comunicado de prensa, la central obrera describi\u00f3 a Temer como un &#8220;presidente ileg\u00edtimo&#8221;, que lleg\u00f3 al poder a trav\u00e9s de un &#8220;golpe de estado&#8221; en complicidad con &#8220;fuerzas pol\u00edticas, empresariales y sociales reaccionarias&#8221;. Para la CGT, de ese proceso &#8220;result\u00f3 la substituci\u00f3n de la presidente progresista Dilma Rousseff por su vicepresidente, un pol\u00edtico conservador&#8221;.<\/p>\n<p>&nbsp;<\/p>\n<p>En ese marco, alertaron que Brasil &#8220;se ha convertido en un laboratorio para avanzar contra toda legislaci\u00f3n laboral que conlleve beneficios y conceda derechos hist\u00f3ricos a los trabajadores&#8221; y repudiaron la aprobaci\u00f3n de la reforma laboral, que incluy\u00f3 un centenar de modificaciones a las normativas vigentes. &#8220;Se llev\u00f3 a cabo con el aval de sectores concentrados de la econom\u00eda y legisladores que dieron la espalda al pueblo, asesta un mazazo al plexo laboral que protege a la fuerza del trabajo&#8221;, sostuvieron los lideres cegetistas.<\/p>\n<p>&nbsp;<\/p>\n<p>&#8220;Seg\u00fan los an\u00e1lisis de sindicatos y especialistas, la contrarreforma laboral afecta negativamente m\u00e1s de 120 aspectos individuales y colectivos que proteg\u00edan las condiciones de trabajo&#8221;, se\u00f1al\u00f3 la CGT. Seg\u00fan la Confederaci\u00f3n, la reforma que entrar\u00e1 en vigencia en cuatro meses contiene un listado de medidas que afectar\u00e1n directamente a los empleados.<\/p>\n<p>&nbsp;<\/p>\n<p>&nbsp;<\/p>\n<p>Permite la negociaci\u00f3n individual entre el patrono y el trabajador.<\/p>\n<p>&nbsp;<\/p>\n<p>Elimina la idea de jornada de trabajo, crea el trabajo intermitente.<\/p>\n<p>&nbsp;<\/p>\n<p>Permitir\u00e1 el despido por com\u00fan acuerdo entre empleador y trabajador.<\/p>\n<p>&nbsp;<\/p>\n<p>Inutiliza el salario m\u00ednimo nacional y los pisos salariales por gremio.<\/p>\n<p>&nbsp;<\/p>\n<p>Bloquea caminos que hasta ahora el trabajador ten\u00eda para reivindicar sus derechos ante la justicia laboral.<\/p>\n<p>&nbsp;<\/p>\n<p>Permite que la negociaci\u00f3n colectiva con el patr\u00f3n reduzca derechos que a\u00fan quedan en la ley.<\/p>\n<p>&nbsp;<\/p>\n<p>Se permite el trabajo de mujeres embarazadas en ambientes considerados insalubres.<\/p>\n<p>&nbsp;<\/p>\n<p>Inviabiliza la ley que reglament\u00f3 la convenci\u00f3n sobre el trabajo dom\u00e9stico y que garantiz\u00f3 derechos hist\u00f3ricos a las trabajadoras del hogar.<\/p>\n<p>&nbsp;<\/p>\n<p>Se podr\u00e1 pagar al trabajador\/a por periodo trabajado, recibiendo por horas o a diario.<\/p>\n<p>&nbsp;<\/p>\n<p>Elimina el financiamiento a los sindicatos, que era obligatorio desde los a\u00f1os 40.<\/p>\n<p>&nbsp;<\/p>\n<p>Destaque especial merece el impacto que tendr\u00e1 la reforma laboral para la acci\u00f3n colectiva y la propia existencia del sindicato.<\/p>\n<p>&nbsp;<\/p>\n<p>Al imponer la &#8220;negociaci\u00f3n&#8221; entre el trabajador y el patrono, sin presencia del sindicato, se facilitar\u00e1 la imposici\u00f3n de condiciones por debajo del acuerdo colectivo, cuando \u00e9ste exista. Dif\u00edcilmente un\/a trabajador\/a con riesgo de perder su empleo o sufrir otras discriminaciones pueda enfrentar el poder del patrono y de la empresa.<\/p>\n<p>&nbsp;<\/p>\n<p>&nbsp;<\/p>\n<p>Al facilitar la contrataci\u00f3n a destajo, por horas o por producci\u00f3n, el trabajador\/a est\u00e1 expuesto a una situaci\u00f3n de permanente inestabilidad en el empleo y el sindicato ver\u00e1 minada su estructura de afiliaci\u00f3n.<\/p>\n<p>&nbsp;<\/p>\n<p>La tercerizaci\u00f3n extendida profundizar\u00e1 la condici\u00f3n de trabajadores\/as de primera (fijos y con contrato colectivo) y de segunda (tercerizados), donde los primeros ser\u00e1n cada vez menos y la mayor\u00eda no ser\u00e1 amparada por la negociaci\u00f3n colectiva.<\/p>\n<p>&nbsp;<\/p>\n<p>Por \u00faltimo, la CGT advirti\u00f3 que la iniciativa implementada en el pa\u00eds vecino podr\u00eda desembarcar pronto en la Argentina. &#8220;En Brasil comenz\u00f3, pero \u00e9se es el proyecto de las fuerzas de derecha de la Argentina hoy en el poder, hacer retroceder las condiciones laborales a lo que eran hace 100 a\u00f1os&#8221;, afirmaron.<\/p>\n<p>&nbsp;<\/p>\n<p>&#8220;Es por ello que repudiamos la presencia de quien encarna la ideolog\u00eda que ataca los derechos de los trabajadores y con ello tambi\u00e9n a quienes en nuestro pa\u00eds pretenden volver a \u00e9pocas de &#8216;Patr\u00f3n Costas&#8217;: los derechos de los trabajadores no podr\u00e1n ser usados en beneficios del lucro empresario&#8221;, concluyeron.<\/p>\n","protected":false},"excerpt":{"rendered":"<p>La CGT repudi\u00f3 la visita del brasile\u00f1o Michael Temer a la Argentina y difundi\u00f3 listado con las posibles consecuencias en la vida de los trabajadores y sindicatos de la reforma laboral que se aplicar\u00e1 en el pa\u00eds vecino &nbsp; &nbsp; &nbsp; &nbsp; A trav\u00e9s de un comunicado de prensa, la central obrera describi\u00f3 a Temer como un &#8220;presidente ileg\u00edtimo&#8221;, que lleg\u00f3 al poder a trav\u00e9s de un &#8220;golpe de estado&#8221; en complicidad con &#8220;fuerzas pol\u00edticas, empresariales y sociales reaccionarias&#8221;. Para la CGT, de ese proceso &#8220;result\u00f3 la substituci\u00f3n de la&#8230;<\/p>\n","protected":false},"author":3,"featured_media":14576,"comment_status":"closed","ping_status":"closed","sticky":false,"template":"","format":"standard","meta":[],"categories":[9],"tags":[],"_links":{"self":[{"href":"https:\/\/www.actualidadadiario.com\/index.php\/wp-json\/wp\/v2\/posts\/14575"}],"collection":[{"href":"https:\/\/www.actualidadadiario.com\/index.php\/wp-json\/wp\/v2\/posts"}],"about":[{"href":"https:\/\/www.actualidadadiario.com\/index.php\/wp-json\/wp\/v2\/types\/post"}],"author":[{"embeddable":true,"href":"https:\/\/www.actualidadadiario.com\/index.php\/wp-json\/wp\/v2\/users\/3"}],"replies":[{"embeddable":true,"href":"https:\/\/www.actualidadadiario.com\/index.php\/wp-json\/wp\/v2\/comments?post=14575"}],"version-history":[{"count":1,"href":"https:\/\/www.actualidadadiario.com\/index.php\/wp-json\/wp\/v2\/posts\/14575\/revisions"}],"predecessor-version":[{"id":14577,"href":"https:\/\/www.actualidadadiario.com\/index.php\/wp-json\/wp\/v2\/posts\/14575\/revisions\/14577"}],"wp:featuredmedia":[{"embeddable":true,"href":"https:\/\/www.actualidadadiario.com\/index.php\/wp-json\/wp\/v2\/media\/14576"}],"wp:attachment":[{"href":"https:\/\/www.actualidadadiario.com\/index.php\/wp-json\/wp\/v2\/media?parent=14575"}],"wp:term":[{"taxonomy":"category","embeddable":true,"href":"https:\/\/www.actualidadadiario.com\/index.php\/wp-json\/wp\/v2\/categories?post=14575"},{"taxonomy":"post_tag","embeddable":true,"href":"https:\/\/www.actualidadadiario.com\/index.php\/wp-json\/wp\/v2\/tags?post=14575"}],"curies":[{"name":"wp","href":"https:\/\/api.w.org\/{rel}","templated":true}]}}