{"id":14572,"date":"2017-07-21T11:28:06","date_gmt":"2017-07-21T14:28:06","guid":{"rendered":"http:\/\/actualidadadiario.com\/site\/?p=14572"},"modified":"2017-07-21T11:28:06","modified_gmt":"2017-07-21T14:28:06","slug":"en-el-inicio-de-la-cumbre-del-mercosur-macri-se-reunio-con-tabare-vazquez-y-evo-morales","status":"publish","type":"post","link":"https:\/\/www.actualidadadiario.com\/index.php\/2017\/07\/21\/en-el-inicio-de-la-cumbre-del-mercosur-macri-se-reunio-con-tabare-vazquez-y-evo-morales\/","title":{"rendered":"En el inicio de la cumbre del Mercosur, Macri se reuni\u00f3 con Tabar\u00e9 V\u00e1zquez y Evo Morales"},"content":{"rendered":"<p><em><strong>El presidente Mauricio Macri encabeza en Guaymall\u00e9n, Mendoza, el acto de cierre de la Cumbre de los pa\u00edses miembros del Mercosur y, tras transferir la presidencia pro tempore del bloque regional a Brasil, mantuvo en forma separada reuniones con sus pares de Uruguay, Tabar\u00e9 V\u00e1zquez y de Bolivia, Evo Morales; seg\u00fan se inform\u00f3<\/strong><\/em><\/p>\n<p>&nbsp;<\/p>\n<p>&nbsp;<\/p>\n<p>&nbsp;<\/p>\n<p>&nbsp;<\/p>\n<p>A las 9, el jefe de Estado mantuvo un encuentro en el Hotel Intercontinental de Guaymall\u00e9n con su par de Uruguay, Tabar\u00e9 V\u00e1zquez, con el prop\u00f3sito de tratar aspectos fronterizos, dragado del R\u00edo de la Plata, canal Mart\u00edn Garc\u00eda y al levantamiento de algunas barreras no arancelarias, entre otros temas.<\/p>\n<p>&nbsp;<\/p>\n<p>Luego, el mandatario se reuni\u00f3 con el presidente de Bolivia, Evo Morales, con el fin de fortalecer el di\u00e1logo en torno a los asuntos que inciden en la relaci\u00f3n bilateral y regional de mutuo inter\u00e9s, entre ellos continuar profundizando la cooperaci\u00f3n bilateral para hacer frente al flagelo del narcotr\u00e1fico.<\/p>\n<p>&nbsp;<\/p>\n<p>A las 10:20, el presidente Macri encabezar\u00e1 en el Hotel Intercontinental el acto de cierre de la Cumbre de los pa\u00edses miembros del Mercosur y, a continuaci\u00f3n, transferir\u00e1 la presidencia pro tempore del bloque regional a Brasil.<\/p>\n<p>&nbsp;<\/p>\n<p>Adem\u00e1s, se espera un documento final con un llamamiento a Venezuela, ya que los pa\u00edses del Mercosur acordaron aplicar el Protocolo de Ushuaia, paso establecido, &#8220;cuando uno de los Estados ha alterado la condici\u00f3n de democracia&#8221;.<\/p>\n<p>&nbsp;<\/p>\n<p>Otro de los temas en agenda son las negociaciones entre el Mercosur y la Uni\u00f3n Europea por un acuerdo comercial.<\/p>\n<p>&nbsp;<\/p>\n<p>Por \u00faltimo, el jefe de Estado ofrecer\u00e1 un almuerzo en honor a los presidentes de los Estados parte del Mercosur, Estados Asociados, M\u00e9xico e invitados especiales, en el Hotel Intercontinental.<\/p>\n","protected":false},"excerpt":{"rendered":"<p>El presidente Mauricio Macri encabeza en Guaymall\u00e9n, Mendoza, el acto de cierre de la Cumbre de los pa\u00edses miembros del Mercosur y, tras transferir la presidencia pro tempore del bloque regional a Brasil, mantuvo en forma separada reuniones con sus pares de Uruguay, Tabar\u00e9 V\u00e1zquez y de Bolivia, Evo Morales; seg\u00fan se inform\u00f3 &nbsp; &nbsp; &nbsp; &nbsp; A las 9, el jefe de Estado mantuvo un encuentro en el Hotel Intercontinental de Guaymall\u00e9n con su par de Uruguay, Tabar\u00e9 V\u00e1zquez, con el prop\u00f3sito de tratar aspectos fronterizos, dragado del R\u00edo&#8230;<\/p>\n","protected":false},"author":3,"featured_media":14573,"comment_status":"closed","ping_status":"closed","sticky":false,"template":"","format":"standard","meta":[],"categories":[18],"tags":[],"_links":{"self":[{"href":"https:\/\/www.actualidadadiario.com\/index.php\/wp-json\/wp\/v2\/posts\/14572"}],"collection":[{"href":"https:\/\/www.actualidadadiario.com\/index.php\/wp-json\/wp\/v2\/posts"}],"about":[{"href":"https:\/\/www.actualidadadiario.com\/index.php\/wp-json\/wp\/v2\/types\/post"}],"author":[{"embeddable":true,"href":"https:\/\/www.actualidadadiario.com\/index.php\/wp-json\/wp\/v2\/users\/3"}],"replies":[{"embeddable":true,"href":"https:\/\/www.actualidadadiario.com\/index.php\/wp-json\/wp\/v2\/comments?post=14572"}],"version-history":[{"count":1,"href":"https:\/\/www.actualidadadiario.com\/index.php\/wp-json\/wp\/v2\/posts\/14572\/revisions"}],"predecessor-version":[{"id":14574,"href":"https:\/\/www.actualidadadiario.com\/index.php\/wp-json\/wp\/v2\/posts\/14572\/revisions\/14574"}],"wp:featuredmedia":[{"embeddable":true,"href":"https:\/\/www.actualidadadiario.com\/index.php\/wp-json\/wp\/v2\/media\/14573"}],"wp:attachment":[{"href":"https:\/\/www.actualidadadiario.com\/index.php\/wp-json\/wp\/v2\/media?parent=14572"}],"wp:term":[{"taxonomy":"category","embeddable":true,"href":"https:\/\/www.actualidadadiario.com\/index.php\/wp-json\/wp\/v2\/categories?post=14572"},{"taxonomy":"post_tag","embeddable":true,"href":"https:\/\/www.actualidadadiario.com\/index.php\/wp-json\/wp\/v2\/tags?post=14572"}],"curies":[{"name":"wp","href":"https:\/\/api.w.org\/{rel}","templated":true}]}}