{"id":14569,"date":"2017-07-21T11:27:25","date_gmt":"2017-07-21T14:27:25","guid":{"rendered":"http:\/\/actualidadadiario.com\/site\/?p=14569"},"modified":"2017-07-21T11:27:25","modified_gmt":"2017-07-21T14:27:25","slug":"pena-defendio-al-gobierno-en-la-bolsa-ante-un-auditorio-entre-preocupado-y-apatico","status":"publish","type":"post","link":"https:\/\/www.actualidadadiario.com\/index.php\/2017\/07\/21\/pena-defendio-al-gobierno-en-la-bolsa-ante-un-auditorio-entre-preocupado-y-apatico\/","title":{"rendered":"Pe\u00f1a defendi\u00f3 al Gobierno en la Bolsa, ante un auditorio entre preocupado y ap\u00e1tico"},"content":{"rendered":"<p><em><strong>Dijo que el pa\u00eds ser\u00e1 uno de los de mayor crecimiento del mundo<\/strong><\/em><\/p>\n<p>&nbsp;<\/p>\n<p>&nbsp;<\/p>\n<p>&nbsp;<\/p>\n<p>&nbsp;<\/p>\n<p>Para el jefe de Gabinete, Marcos Pe\u00f1a, es &#8220;muy probable&#8221; que este a\u00f1o la Argentina &#8220;sea uno de los pa\u00edses de mayor crecimiento econ\u00f3mico del hemisferio occidental&#8221;.<\/p>\n<p>&nbsp;<\/p>\n<p>El funcionario expres\u00f3 su p\u00e1lpito, que contradice las proyecciones del mercado y de los organismos internacionales, al cerrar el acto por el 163\u00b0 aniversario de la Bolsa de Comercio de Buenos Aires, donde concurri\u00f3 en reemplazo del presidente Mauricio Macri, que viaj\u00f3 a Mendoza para participar de la Cumbre del Mercosur.<\/p>\n<p>&nbsp;<\/p>\n<p>El pron\u00f3stico optimista surgi\u00f3 en un festejo que, pese a la sinton\u00eda que hay entre las autoridades del mercado y la actual administraci\u00f3n, result\u00f3 bastante apagado y carente de entusiasmo.<\/p>\n<p>&nbsp;<\/p>\n<p>Tal vez porque a la ausencia de Macri (ya hab\u00eda avisado que no concurrir\u00eda, lo que no dej\u00f3 opci\u00f3n para correr la fecha como en otras oportunidades) se sumaron las preocupaciones que por estos d\u00edas embargan a los operadores, que imaginaban a esta altura haber recuperado la categor\u00eda de &#8220;emergente&#8221; y no s\u00f3lo conservan la de mercado &#8220;fronterizo&#8221;, sino que ven demoradas la reforma a la ley de mercado de capitales con sesgo intervencionista que dej\u00f3 como legado el kirchnerismo.<\/p>\n<p>&nbsp;<\/p>\n<p>A eso se agrega la confusa posici\u00f3n que comienza a mostrar el Gobierno en materia impositiva, tras el cortocircuito entre la AFIP y Hacienda por un gravamen retroactivo a la compra y venta de acciones a no residentes y los trascendidos que indican que se analiza incluir un impuesto a la renta financiera si avanza el a\u00f1o que viene con la postergada reforma fiscal.<\/p>\n<p>&nbsp;<\/p>\n<p>&#8220;Fijate que lo que anunciaron fue la suspensi\u00f3n por 180 d\u00edas de la resoluci\u00f3n de la AFIP, no su derogaci\u00f3n&#8221;, se quej\u00f3 un conocido operador.<\/p>\n<p>&nbsp;<\/p>\n<p>Al tono del acto aport\u00f3 mucho Pe\u00f1a con un discurso monocorde que no recibi\u00f3 de la concurrencia m\u00e1s que un respetuoso aplauso final. El jefe de Gabinete dedic\u00f3 toda su exposici\u00f3n a defender la pol\u00edtica econ\u00f3mica oficial y cargar contra &#8220;los nos critican porque vamos demasiado lento&#8221; o los que consideran &#8220;que vamos demasiado r\u00e1pido&#8221;.<\/p>\n<p>&nbsp;<\/p>\n<p>Antes el presidente de la Bolsa porte\u00f1a, Adelmo Gabbi, hab\u00eda sido un canto al optimismo pese a que sostuvo que hoy &#8220;Argentina no es competitiva por los altos costos fiscales y los altos costos laborales&#8221;.<\/p>\n<p>&nbsp;<\/p>\n<p>Aun as\u00ed celebr\u00f3 que el pa\u00eds &#8220;est\u00e9 camino a una normalizaci\u00f3n&#8221; y valor\u00f3 que el Gobierno &#8220;se mantenga en la direcci\u00f3n correcta&#8221;. Por esta raz\u00f3n advirti\u00f3 que las pr\u00f3ximas elecciones pueden ser cruciales para no perder ese rumbo y record\u00f3 que el banco Morgan Stanley no elev\u00f3 la categor\u00eda asignada al mercado accionario &#8220;por no tener certeza a\u00fan de que los cambios sean irreversibles&#8221;.<\/p>\n","protected":false},"excerpt":{"rendered":"<p>Dijo que el pa\u00eds ser\u00e1 uno de los de mayor crecimiento del mundo &nbsp; &nbsp; &nbsp; &nbsp; Para el jefe de Gabinete, Marcos Pe\u00f1a, es &#8220;muy probable&#8221; que este a\u00f1o la Argentina &#8220;sea uno de los pa\u00edses de mayor crecimiento econ\u00f3mico del hemisferio occidental&#8221;. &nbsp; El funcionario expres\u00f3 su p\u00e1lpito, que contradice las proyecciones del mercado y de los organismos internacionales, al cerrar el acto por el 163\u00b0 aniversario de la Bolsa de Comercio de Buenos Aires, donde concurri\u00f3 en reemplazo del presidente Mauricio Macri, que viaj\u00f3 a Mendoza para&#8230;<\/p>\n","protected":false},"author":3,"featured_media":14570,"comment_status":"closed","ping_status":"closed","sticky":false,"template":"","format":"standard","meta":[],"categories":[18],"tags":[],"_links":{"self":[{"href":"https:\/\/www.actualidadadiario.com\/index.php\/wp-json\/wp\/v2\/posts\/14569"}],"collection":[{"href":"https:\/\/www.actualidadadiario.com\/index.php\/wp-json\/wp\/v2\/posts"}],"about":[{"href":"https:\/\/www.actualidadadiario.com\/index.php\/wp-json\/wp\/v2\/types\/post"}],"author":[{"embeddable":true,"href":"https:\/\/www.actualidadadiario.com\/index.php\/wp-json\/wp\/v2\/users\/3"}],"replies":[{"embeddable":true,"href":"https:\/\/www.actualidadadiario.com\/index.php\/wp-json\/wp\/v2\/comments?post=14569"}],"version-history":[{"count":1,"href":"https:\/\/www.actualidadadiario.com\/index.php\/wp-json\/wp\/v2\/posts\/14569\/revisions"}],"predecessor-version":[{"id":14571,"href":"https:\/\/www.actualidadadiario.com\/index.php\/wp-json\/wp\/v2\/posts\/14569\/revisions\/14571"}],"wp:featuredmedia":[{"embeddable":true,"href":"https:\/\/www.actualidadadiario.com\/index.php\/wp-json\/wp\/v2\/media\/14570"}],"wp:attachment":[{"href":"https:\/\/www.actualidadadiario.com\/index.php\/wp-json\/wp\/v2\/media?parent=14569"}],"wp:term":[{"taxonomy":"category","embeddable":true,"href":"https:\/\/www.actualidadadiario.com\/index.php\/wp-json\/wp\/v2\/categories?post=14569"},{"taxonomy":"post_tag","embeddable":true,"href":"https:\/\/www.actualidadadiario.com\/index.php\/wp-json\/wp\/v2\/tags?post=14569"}],"curies":[{"name":"wp","href":"https:\/\/api.w.org\/{rel}","templated":true}]}}