{"id":14566,"date":"2017-07-21T11:26:38","date_gmt":"2017-07-21T14:26:38","guid":{"rendered":"http:\/\/actualidadadiario.com\/site\/?p=14566"},"modified":"2017-07-21T11:26:38","modified_gmt":"2017-07-21T14:26:38","slug":"echan-al-director-de-escuelas-tecnicas-que-denuncio-subejecucion-presupuestaria","status":"publish","type":"post","link":"https:\/\/www.actualidadadiario.com\/index.php\/2017\/07\/21\/echan-al-director-de-escuelas-tecnicas-que-denuncio-subejecucion-presupuestaria\/","title":{"rendered":"Echan al director de escuelas t\u00e9cnicas que denunci\u00f3 subejecuci\u00f3n presupuestaria"},"content":{"rendered":"<p><em><strong>El director de Educaci\u00f3n T\u00e9cnico Profesional de la provincia de Buenos Aires, Gerardo Marchesini, present\u00f3 la renuncia a solicitud del nuevo titular del \u00e1rea, Gabriel S\u00e1nchez Zinny, e hizo p\u00fablica una carta donde cuestiona con dureza un presunto recorte en el presupuesto de la dependencia que conduc\u00eda<\/strong><\/em><\/p>\n<p>&nbsp;<\/p>\n<p>&nbsp;<\/p>\n<p>&nbsp;<\/p>\n<p>&nbsp;<\/p>\n<p>En di\u00e1logo con \u00e1mbito.com, el exfuncionario se\u00f1al\u00f3 que en el 2016 hubo una gran subejecuci\u00f3n del presupuesto de su \u00e1rea, &#8220;s\u00f3lo el 17% del Fondo para el Financiamiento de la ETP&#8221; destinado a su \u00e1rea pese a que el art\u00edculo 52 de la Ley N\u00b0 26.058 establece que el presupuesto destinado a este sector &#8220;no podr\u00e1 ser inferior al 0,2% de lo presupuestado para esa cartera a nivel Nacional&#8221; y afirma que &#8220;concretamente m\u00e1s de 2.300 millones de pesos que deb\u00edan llegar a los alumnos de la ETP se han perdido&#8221;.<\/p>\n<p>&nbsp;<\/p>\n<p>Tambi\u00e9n denunci\u00f3 en su misiva una iniciativa para &#8220;captar los fondos&#8221; que le corresponden por Ley a el Instituto Nacional de Educaci\u00f3n Tecnol\u00f3gica (INET) &#8220;con la espuria creaci\u00f3n de una Agencia de Talentos&#8221;.<\/p>\n<p>&nbsp;<\/p>\n<p>Marchesini se\u00f1al\u00f3 que a lo largo de todo el a\u00f1o pasado fue cr\u00edtico de S\u00e1nchez Zinny por su gesti\u00f3n al frente del INET antes de irse al SAME, en la que se establecieron cambios en la forma de la ejecuci\u00f3n de los fondos.<\/p>\n<p>&nbsp;<\/p>\n<p>&#8220;Con la gesti\u00f3n de S\u00e1nchez Zinny se instal\u00f3 una l\u00f3gica financiera muy compleja que nosotros creemos que o es desconocimiento o una intenci\u00f3n de subejecutar el fondo. Se hizo un fondo rotativo, como una especie de caja chica, entre las provincias&#8221;, sostuvo.<\/p>\n<p>&nbsp;<\/p>\n<p>Consider\u00f3 que &#8220;claramente hay una intencionalidad pol\u00edtica, porque si uno subejecuta un presupuesto y despu\u00e9s pone al responsable a cargo del Ministerio, hay intencionalidad&#8221;. Y remat\u00f3: &#8220;No hay nadie que est\u00e9 en contra de mejorar la educaci\u00f3n, ahora, despu\u00e9s viene la parte de poner la espalda y eso significa disponer del financiamiento y algunas l\u00edneas de acci\u00f3n concretas&#8221;.<\/p>\n<p>&nbsp;<\/p>\n<p>Marchesini dio a conocer una carta en la que precisa: &#8220;En el d\u00eda de la fecha, a solicitud del director General de Cultura y Educaci\u00f3n Gabriel S\u00e1nchez Zinny, he presentado la renuncia al cargo de Director Provincial de Educaci\u00f3n T\u00e9cnico Profesional&#8221;.<\/p>\n<p>&nbsp;<\/p>\n<p>Tras agradecer a su equipo y al plantel docente y los alumnos de las escuelas t\u00e9cnicas, el exdirector destaca que &#8220;doce a\u00f1os nos llev\u00f3 como sociedad, retomar el proyecto de Manuel Belgrano, de Otto Krause&#8221;.<\/p>\n<p>&nbsp;<\/p>\n<p>Marchesini tambi\u00e9n record\u00f3 que la sanci\u00f3n de la normativa 26.058 &#8220;Ley Nacional de Educaci\u00f3n T\u00e9cnico Profesional&#8221; en 2005 gracias a la cual &#8220;las instituciones de la modalidad se han duplicado al igual que su matr\u00edcula, como tambi\u00e9n la emisi\u00f3n de t\u00edtulos t\u00e9cnicos y certificados de formaci\u00f3n profesional&#8221;.<\/p>\n<p>&nbsp;<\/p>\n<p>&#8220;Sabemos que no hay secretos, que es necesario invertir fuerte y sostenidamente en el tiempo para mejorar las condiciones de los entornos pedag\u00f3gicos, la infraestructura y profesionalizaci\u00f3n docente, la incorporaci\u00f3n de tecnolog\u00eda que s\u00f3lo as\u00ed se mejora la calidad educativa. Sin embargo con gran preocupaci\u00f3n asistimos hoy a m\u00faltiples y constantes se\u00f1ales de alerta&#8221;, detalla.<\/p>\n","protected":false},"excerpt":{"rendered":"<p>El director de Educaci\u00f3n T\u00e9cnico Profesional de la provincia de Buenos Aires, Gerardo Marchesini, present\u00f3 la renuncia a solicitud del nuevo titular del \u00e1rea, Gabriel S\u00e1nchez Zinny, e hizo p\u00fablica una carta donde cuestiona con dureza un presunto recorte en el presupuesto de la dependencia que conduc\u00eda &nbsp; &nbsp; &nbsp; &nbsp; En di\u00e1logo con \u00e1mbito.com, el exfuncionario se\u00f1al\u00f3 que en el 2016 hubo una gran subejecuci\u00f3n del presupuesto de su \u00e1rea, &#8220;s\u00f3lo el 17% del Fondo para el Financiamiento de la ETP&#8221; destinado a su \u00e1rea pese a que el&#8230;<\/p>\n","protected":false},"author":3,"featured_media":14567,"comment_status":"closed","ping_status":"closed","sticky":false,"template":"","format":"standard","meta":[],"categories":[18],"tags":[],"_links":{"self":[{"href":"https:\/\/www.actualidadadiario.com\/index.php\/wp-json\/wp\/v2\/posts\/14566"}],"collection":[{"href":"https:\/\/www.actualidadadiario.com\/index.php\/wp-json\/wp\/v2\/posts"}],"about":[{"href":"https:\/\/www.actualidadadiario.com\/index.php\/wp-json\/wp\/v2\/types\/post"}],"author":[{"embeddable":true,"href":"https:\/\/www.actualidadadiario.com\/index.php\/wp-json\/wp\/v2\/users\/3"}],"replies":[{"embeddable":true,"href":"https:\/\/www.actualidadadiario.com\/index.php\/wp-json\/wp\/v2\/comments?post=14566"}],"version-history":[{"count":1,"href":"https:\/\/www.actualidadadiario.com\/index.php\/wp-json\/wp\/v2\/posts\/14566\/revisions"}],"predecessor-version":[{"id":14568,"href":"https:\/\/www.actualidadadiario.com\/index.php\/wp-json\/wp\/v2\/posts\/14566\/revisions\/14568"}],"wp:featuredmedia":[{"embeddable":true,"href":"https:\/\/www.actualidadadiario.com\/index.php\/wp-json\/wp\/v2\/media\/14567"}],"wp:attachment":[{"href":"https:\/\/www.actualidadadiario.com\/index.php\/wp-json\/wp\/v2\/media?parent=14566"}],"wp:term":[{"taxonomy":"category","embeddable":true,"href":"https:\/\/www.actualidadadiario.com\/index.php\/wp-json\/wp\/v2\/categories?post=14566"},{"taxonomy":"post_tag","embeddable":true,"href":"https:\/\/www.actualidadadiario.com\/index.php\/wp-json\/wp\/v2\/tags?post=14566"}],"curies":[{"name":"wp","href":"https:\/\/api.w.org\/{rel}","templated":true}]}}